{"id":7101,"date":"2019-05-05T18:46:54","date_gmt":"2019-05-05T16:46:54","guid":{"rendered":"https:\/\/www.comicecke.de\/?p=7101"},"modified":"2019-05-06T22:20:55","modified_gmt":"2019-05-06T20:20:55","slug":"fuenf-neue-gesamtausgaben-western-reporter-abenteurer","status":"publish","type":"post","link":"https:\/\/www.sammlerecke.de\/comicecke\/2019\/05\/05\/fuenf-neue-gesamtausgaben-western-reporter-abenteurer\/","title":{"rendered":"F\u00fcnf neue Gesamtausgaben: Western, Reporter, Abenteurer"},"content":{"rendered":"\n<p>Eine Reihe neuer Gesamtausgaben sind gestartet bzw. bieten abgeschlossene Geschichten. Gleich dreimal ist Kult Comics dabei, das tief in die Klassiker-Kiste gegriffen hat. <\/p>\n\n\n\n<div class=\"wp-block-image\"><figure class=\"aligncenter\"><img loading=\"lazy\" decoding=\"async\" width=\"500\" height=\"675\" src=\"https:\/\/www.sammlerecke.de\/comicecke\/wp-content\/uploads\/2019\/05\/frank.jpg\" alt=\"\" class=\"wp-image-7102\" srcset=\"https:\/\/www.sammlerecke.de\/comicecke\/wp-content\/uploads\/2019\/05\/frank.jpg 500w, https:\/\/www.sammlerecke.de\/comicecke\/wp-content\/uploads\/2019\/05\/frank-222x300.jpg 222w\" sizes=\"auto, (max-width: 500px) 100vw, 500px\" \/><\/figure><\/div>\n\n\n\n<p>Mit Jacques Martins <a href=\"https:\/\/www.sammlerecke.de\/neuheiten-shop\/comics\/comic-verlage-a-z\/sonstige-verlage\/kult-comics\/l.frank\/145174\/l.frank-integral-01?number=KultComics2019-03-07\">L. FRANK INTEGRAL 1<\/a> (35,&#8211; Euro) beginnt die langewartete Neuauflage rund um die Abenteuer des findigen Reporters Luc Frank, die in der Bretagne, aber auch in den Schweizer Bergen und in Venedig stattfinden \u2013 immer im Kampf gegen den Erzfeind Axel Borg. Der Band enth\u00e4lt die ersten drei Abenteuer aus den Jahren 1954 bis 1965 und zeigt sehr sch\u00f6n den Einfluss, den Herg\u00e9 auf den f\u00fcr ihn t\u00e4tigen Martin hatte. Das merkt man besonders beim ersten Band, bei den weiteren hat Martin sich zeichnerisch schon weiterentwickelt. Es gibt einen zwar relativ kurzen, aber kenntnisreichen redaktionellen Teil von Volker Hamann. <\/p>\n\n\n\n<div class=\"wp-block-image\"><figure class=\"aligncenter\"><img loading=\"lazy\" decoding=\"async\" width=\"500\" height=\"672\" src=\"https:\/\/www.sammlerecke.de\/comicecke\/wp-content\/uploads\/2019\/05\/KultComics20190301imschattendersonne_integral_hcJPG.jpg\" alt=\"\" class=\"wp-image-7103\" srcset=\"https:\/\/www.sammlerecke.de\/comicecke\/wp-content\/uploads\/2019\/05\/KultComics20190301imschattendersonne_integral_hcJPG.jpg 500w, https:\/\/www.sammlerecke.de\/comicecke\/wp-content\/uploads\/2019\/05\/KultComics20190301imschattendersonne_integral_hcJPG-223x300.jpg 223w\" sizes=\"auto, (max-width: 500px) 100vw, 500px\" \/><\/figure><\/div>\n\n\n\n<p>Eine abgeschlossene Geschichte gibt in<a href=\"https:\/\/www.sammlerecke.de\/neuheiten-shop\/comics\/comic-verlage-a-z\/sonstige-verlage\/kult-comics\/a-z-einzelbaende\/145170\/im-schatten-der-sonne-integral?utm_source=Comicecke&amp;utm_medium=Beitrag&amp;utm_campaign=Comicecke-Beitrag\"> IM SCHATTEN DER SONNE INTEGRAL<\/a> (30,&#8211; Euro) von Colin Wilson, der noch vor seinem Einsatz bei Blueberry diese Geschichte begonnen hat. Die drei Alben erschienen von 1983 bis 1989 und erz\u00e4hlen von einer verheerten Erde, auf der Rael und seine Freunde Mantell und Aria gefangen genommen werden, da sie auf einem Raumschiff Frondienst leisten sollen. Doch auf diesem Schiff ist nicht alles so, wie es scheint \u2013 und Rael meutert. Die Geschichte ist nicht mehr ganz so taufrisch, die Zeichnungen aber auch heute noch eine Pracht. Interessant ist der Look der Figuren, der sich den Gewohnheiten anpasst. Hat Rael am Anfang noch ein Stirnband \u00e1 la Rambo, so fehlt das sp\u00e4ter. Die Aufl\u00f6sung ist clever und f\u00fcr die damalige Zeit sicherlich ungew\u00f6hnlich. Der Bonusteil kann sich sehen lassen. Es gibt auch in neues, informatives Interview mit Colin Wilson. <\/p>\n\n\n\n<div class=\"wp-block-image\"><figure class=\"aligncenter\"><img loading=\"lazy\" decoding=\"async\" width=\"500\" height=\"669\" src=\"https:\/\/www.sammlerecke.de\/comicecke\/wp-content\/uploads\/2019\/05\/KultComics20190303ueberlebendedesatlantiks_integral_1_hcJPG.jpg\" alt=\"\" class=\"wp-image-7104\" srcset=\"https:\/\/www.sammlerecke.de\/comicecke\/wp-content\/uploads\/2019\/05\/KultComics20190303ueberlebendedesatlantiks_integral_1_hcJPG.jpg 500w, https:\/\/www.sammlerecke.de\/comicecke\/wp-content\/uploads\/2019\/05\/KultComics20190303ueberlebendedesatlantiks_integral_1_hcJPG-224x300.jpg 224w\" sizes=\"auto, (max-width: 500px) 100vw, 500px\" \/><\/figure><\/div>\n\n\n\n<p>Kult Comics wird immer mehr zum Hausverlag von Jean-Yves Mitton. Nach <a href=\"https:\/\/www.sammlerecke.de\/neuheiten-shop\/comics\/comic-verlage-a-z\/sonstige-verlage\/kult-comics\/a-z-einzelbaende\/136578\/ben-hur?utm_source=Comicecke&amp;utm_medium=Beitrag&amp;utm_campaign=Comicecke-Beitrag\">BEN HUR<\/a> und <a href=\"https:\/\/www.sammlerecke.de\/neuheiten-shop\/comics\/comic-verlage-a-z\/sonstige-verlage\/kult-comics\/vae-victis\/136571\/vae-victis-integral-1?utm_source=Comicecke&amp;utm_medium=Beitrag&amp;utm_campaign=Comicecke-Beitrag\">VAE VICTIS<\/a> gibt es nun <a href=\"https:\/\/www.sammlerecke.de\/neuheiten-shop\/comics\/comic-verlage-a-z\/sonstige-verlage\/kult-comics\/ueberlebenden-des-atlantiks\/145172\/die-ueberlebenden-des-atlantiks-integral-1?\">DIE \u00dcBERLEBENDEN DES ATLANTIKS INTEGRAL 1<\/a> (30,&#8211; Euro). Mitton, der schon immer ein Interesse f\u00fcr historische Stoffe hatte, widmet sich hier Yann Le Scorff und erz\u00e4hlt dessen Abenteuer vor der \u201eZeit der Revolutionen\u201c. Dabei treten historische Figuren wie Napoleon oder Nelson auf. Der historische Aspekt ist dabei immer verb\u00fcrgt, Mitton nutzt ihn jedoch, um eine spannende und mitrei\u00dfende Geschichte zu erz\u00e4hlen. Im Bonusmaterial gibt es ein umfangreiches Interview mit dem K\u00fcnstler. Die Edition ist auf drei Ausgaben angelegt. <\/p>\n\n\n\n<div class=\"wp-block-image\"><figure class=\"aligncenter\"><img loading=\"lazy\" decoding=\"async\" width=\"500\" height=\"686\" src=\"https:\/\/www.sammlerecke.de\/comicecke\/wp-content\/uploads\/2019\/05\/All20190303himmelintruemmern_gesamtausgabe_hcJPG.jpg\" alt=\"\" class=\"wp-image-7105\" srcset=\"https:\/\/www.sammlerecke.de\/comicecke\/wp-content\/uploads\/2019\/05\/All20190303himmelintruemmern_gesamtausgabe_hcJPG.jpg 500w, https:\/\/www.sammlerecke.de\/comicecke\/wp-content\/uploads\/2019\/05\/All20190303himmelintruemmern_gesamtausgabe_hcJPG-219x300.jpg 219w\" sizes=\"auto, (max-width: 500px) 100vw, 500px\" \/><\/figure><\/div>\n\n\n\n<p>Nach den Einzelausgaben pr\u00e4sentiert der All Verlag die<a href=\"https:\/\/www.sammlerecke.de\/neuheiten-shop\/comics\/comic-verlage-a-z\/sonstige-verlage\/all-verlag\/himmel-in-truemmern\/144494\/himmel-in-truemmern-gesamtausgabe\"> HIMMEL IN TR\u00dcMMERN GESAMTAUSGABE<\/a> (39,80 Euro) mit allen f\u00fcnf Alben. Die Geschichte spielt zu Beginn des Jahres 1945, als die Alliierten bereits so gut wie gewonnen haben, aber die neuen Maschinen mit D\u00fcsenantrieb befeuern die Hoffnung der Deutschen noch einmal. Nikolaus Wedekind fliegt eine Me-262 und st\u00fcrzt sich in den Kampf, den er immer wieder \u00fcberlebt. Wegen seines K\u00f6nnens oder hat der sprechende Hund Mephisto etwas damit zu tun? Der Comic ist im Stil der Ligne Claire gestaltet, die Handlung in Teilen interessant, aber etwas wirr, da Traum und Realit\u00e4t hier oft recht holprig kombiniert sind. Die Flugszenen sind daf\u00fcr atemberaubend sch\u00f6n in Szene gesetzt. Der Band beinhaltet ein ausf\u00fchrliches Interview mit Zeichner Olivier Daugier. <\/p>\n\n\n\n<div class=\"wp-block-image\"><figure class=\"aligncenter\"><img loading=\"lazy\" decoding=\"async\" width=\"500\" height=\"688\" src=\"https:\/\/www.sammlerecke.de\/comicecke\/wp-content\/uploads\/2019\/05\/bounc.jpg\" alt=\"\" class=\"wp-image-7106\" srcset=\"https:\/\/www.sammlerecke.de\/comicecke\/wp-content\/uploads\/2019\/05\/bounc.jpg 500w, https:\/\/www.sammlerecke.de\/comicecke\/wp-content\/uploads\/2019\/05\/bounc-218x300.jpg 218w\" sizes=\"auto, (max-width: 500px) 100vw, 500px\" \/><\/figure><\/div>\n\n\n\n<p>Nachdem Egmont die Reihe nicht fortsetzen wollte, macht sich Schreiber &amp; Leser an die <a href=\"https:\/\/www.sammlerecke.de\/neuheiten-shop\/comics\/comic-verlage-a-z\/schreiber-und-leser\/bouncer\/144764\/bouncer-gesamtausgabe-012\">BOUNCER GESAMTAUSGABE<\/a> (29,80 Euro) von Alejandro Jodorowsky und Zeichner Francois Boucq. Im Mittelpunkt steht der einarmige Revolverheld Bouncer, der ebenso wie die Reste seiner Familie hinter dem ber\u00fchmten Diamanten Kainsauge her, aber auch vom Rachegedanken beseelt ist, war es doch die eigene Familie, die ihn verst\u00fcmmelte. Das erz\u00e4hlt Jodorowsky mit der ihm eigenen Konsequenz \u2013 inklusive einiger harter Gewaltausbr\u00fcche. Es gibt ein lesenswertes Nachwort von Claude Ecken, der Jodorowskys Werk \u2013 vor allem BOUNCER \u2013 mit Shakespeares Werken vergleicht. Der Gedanke k\u00e4me einem sicherlich nicht gleich, die Argumentation ist jedoch interessant. Zudem gibt es eine Galerie mit Vorzeichnungen und Entw\u00fcrfen sowie zwei ausklappbaren Seiten. <\/p>\n","protected":false},"excerpt":{"rendered":"<p>Eine Reihe neuer Gesamtausgaben sind gestartet bzw. bieten abgeschlossene Geschichten. Gleich dreimal ist Kult Comics dabei, das tief in die Klassiker-Kiste gegriffen hat. Mit Jacques Martins L. FRANK INTEGRAL 1 (35,&#8211; Euro) beginnt die langewartete Neuauflage rund um die Abenteuer des findigen Reporters Luc Frank, die in der Bretagne, aber auch in den Schweizer Bergen [&hellip;]<\/p>\n","protected":false},"author":3,"featured_media":0,"comment_status":"open","ping_status":"open","sticky":false,"template":"","format":"standard","meta":{"_exactmetrics_skip_tracking":false,"_exactmetrics_sitenote_active":false,"_exactmetrics_sitenote_note":"","_exactmetrics_sitenote_category":0,"ngg_post_thumbnail":0,"jetpack_post_was_ever_published":false,"_jetpack_newsletter_access":"","_jetpack_dont_email_post_to_subs":false,"_jetpack_newsletter_tier_id":0,"_jetpack_memberships_contains_paywalled_content":false,"_jetpack_memberships_contains_paid_content":false,"footnotes":"","jetpack_publicize_message":"","jetpack_publicize_feature_enabled":true,"jetpack_social_post_already_shared":true,"jetpack_social_options":{"image_generator_settings":{"template":"highway","default_image_id":0,"font":"","enabled":false},"version":2}},"categories":[1],"tags":[944,943,283,941,729,942,266,235],"class_list":["post-7101","post","type-post","status-publish","format-standard","hentry","category-allgemein","tag-colin-wilson","tag-flieger","tag-herge","tag-jacques-martin","tag-jodorowsky","tag-ligne-claire","tag-western","tag-zweiter-weltkrieg"],"jetpack_publicize_connections":[],"jetpack_featured_media_url":"","jetpack_sharing_enabled":true,"jetpack_shortlink":"https:\/\/wp.me\/p8sdgG-1Qx","jetpack-related-posts":[],"jetpack_likes_enabled":true,"_links":{"self":[{"href":"https:\/\/www.sammlerecke.de\/comicecke\/wp-json\/wp\/v2\/posts\/7101","targetHints":{"allow":["GET"]}}],"collection":[{"href":"https:\/\/www.sammlerecke.de\/comicecke\/wp-json\/wp\/v2\/posts"}],"about":[{"href":"https:\/\/www.sammlerecke.de\/comicecke\/wp-json\/wp\/v2\/types\/post"}],"author":[{"embeddable":true,"href":"https:\/\/www.sammlerecke.de\/comicecke\/wp-json\/wp\/v2\/users\/3"}],"replies":[{"embeddable":true,"href":"https:\/\/www.sammlerecke.de\/comicecke\/wp-json\/wp\/v2\/comments?post=7101"}],"version-history":[{"count":4,"href":"https:\/\/www.sammlerecke.de\/comicecke\/wp-json\/wp\/v2\/posts\/7101\/revisions"}],"predecessor-version":[{"id":7112,"href":"https:\/\/www.sammlerecke.de\/comicecke\/wp-json\/wp\/v2\/posts\/7101\/revisions\/7112"}],"wp:attachment":[{"href":"https:\/\/www.sammlerecke.de\/comicecke\/wp-json\/wp\/v2\/media?parent=7101"}],"wp:term":[{"taxonomy":"category","embeddable":true,"href":"https:\/\/www.sammlerecke.de\/comicecke\/wp-json\/wp\/v2\/categories?post=7101"},{"taxonomy":"post_tag","embeddable":true,"href":"https:\/\/www.sammlerecke.de\/comicecke\/wp-json\/wp\/v2\/tags?post=7101"}],"curies":[{"name":"wp","href":"https:\/\/api.w.org\/{rel}","templated":true}]}}