{"id":4601,"date":"2016-05-29T23:10:56","date_gmt":"2016-05-29T21:10:56","guid":{"rendered":"http:\/\/www.comicecke.de\/?p=4601"},"modified":"2016-05-29T23:10:56","modified_gmt":"2016-05-29T21:10:56","slug":"vom-hoerspiel-zum-comic-professor-van-dusen","status":"publish","type":"post","link":"https:\/\/www.sammlerecke.de\/comicecke\/2016\/05\/29\/vom-hoerspiel-zum-comic-professor-van-dusen\/","title":{"rendered":"Vom H\u00f6rspiel zum Comic: Professor van Dusen"},"content":{"rendered":"<p>Kult Comics ver\u00f6ffentlicht eine Gesamtausgabe der sieben Alben, die Michael Koser und Gerd Pircher von\u00a0 DIE SPANNENDSTEN F\u00c4LLE DES PROFESSOR VAN DUSEN kreiert haben. Sieben Alben waren\u00a0 es, der nun erschieneerste Band der\u00a0 Integral-Ausgabe beinhaltet vier Alben.<\/p>\n<p><a href=\"http:\/\/www.sammlerecke.de\/comicecke\/wp-content\/uploads\/2016\/05\/Denkmaschine_1_cover_3D_300px.png\"><img loading=\"lazy\" decoding=\"async\" class=\"aligncenter size-medium wp-image-4602\" src=\"http:\/\/www.sammlerecke.de\/comicecke\/wp-content\/uploads\/2016\/05\/Denkmaschine_1_cover_3D_300px-231x300.png\" alt=\"Denkmaschine_1_cover_3D_300px\" width=\"231\" height=\"300\" srcset=\"https:\/\/www.sammlerecke.de\/comicecke\/wp-content\/uploads\/2016\/05\/Denkmaschine_1_cover_3D_300px-231x300.png 231w, https:\/\/www.sammlerecke.de\/comicecke\/wp-content\/uploads\/2016\/05\/Denkmaschine_1_cover_3D_300px.png 300w\" sizes=\"auto, (max-width: 231px) 100vw, 231px\" \/><\/a>Im Mittelpunkt\u00a0 stehen der Professor und sein Assistent Hatch, die Kriminalf\u00e4lle der eher ungew\u00f6hnlichen Art l\u00f6sen. Das geschieht mit Witz, aber auch Gesp\u00fcr f\u00fcr Spannung. Problematisch ist im Grunde nur die zeichnerische Umsetzung, da sie sehr einfach gehalten ist. Es sind keine detaillierten Zeichnungen. Stattdessen sind sie plakativ,\u00a0 eher so, als w\u00fcrde man auf junge Kinder abzielen.<\/p>\n<p>Unsch\u00f6n\u00a0 ist auch das Lettering, das nicht altem Maschinenlettering gleicht, aber nicht weit davon entfernt ist. Das Bonusmaterial ist mit einer Einf\u00fchrung, Cover der H\u00f6rspiele und einer Landkarte der Abenteuer recht \u00fcberschaubar.<\/p>\n","protected":false},"excerpt":{"rendered":"<p>Kult Comics ver\u00f6ffentlicht eine Gesamtausgabe der sieben Alben, die Michael Koser und Gerd Pircher von\u00a0 DIE SPANNENDSTEN F\u00c4LLE DES PROFESSOR VAN DUSEN kreiert haben. Sieben Alben waren\u00a0 es, der nun erschieneerste Band der\u00a0 Integral-Ausgabe beinhaltet vier Alben. Im Mittelpunkt\u00a0 stehen der Professor und sein Assistent Hatch, die Kriminalf\u00e4lle der eher ungew\u00f6hnlichen Art l\u00f6sen. Das geschieht [&hellip;]<\/p>\n","protected":false},"author":3,"featured_media":0,"comment_status":"open","ping_status":"open","sticky":false,"template":"","format":"standard","meta":{"_exactmetrics_skip_tracking":false,"_exactmetrics_sitenote_active":false,"_exactmetrics_sitenote_note":"","_exactmetrics_sitenote_category":0,"ngg_post_thumbnail":0,"jetpack_post_was_ever_published":false,"_jetpack_newsletter_access":"","_jetpack_dont_email_post_to_subs":false,"_jetpack_newsletter_tier_id":0,"_jetpack_memberships_contains_paywalled_content":false,"_jetpack_memberships_contains_paid_content":false,"footnotes":"","jetpack_publicize_message":"","jetpack_publicize_feature_enabled":true,"jetpack_social_post_already_shared":false,"jetpack_social_options":{"image_generator_settings":{"template":"highway","default_image_id":0,"font":"","enabled":false},"version":2}},"categories":[1],"tags":[],"class_list":["post-4601","post","type-post","status-publish","format-standard","hentry","category-allgemein"],"jetpack_publicize_connections":[],"jetpack_featured_media_url":"","jetpack_sharing_enabled":true,"jetpack_shortlink":"https:\/\/wp.me\/p8sdgG-1cd","jetpack-related-posts":[],"jetpack_likes_enabled":true,"_links":{"self":[{"href":"https:\/\/www.sammlerecke.de\/comicecke\/wp-json\/wp\/v2\/posts\/4601","targetHints":{"allow":["GET"]}}],"collection":[{"href":"https:\/\/www.sammlerecke.de\/comicecke\/wp-json\/wp\/v2\/posts"}],"about":[{"href":"https:\/\/www.sammlerecke.de\/comicecke\/wp-json\/wp\/v2\/types\/post"}],"author":[{"embeddable":true,"href":"https:\/\/www.sammlerecke.de\/comicecke\/wp-json\/wp\/v2\/users\/3"}],"replies":[{"embeddable":true,"href":"https:\/\/www.sammlerecke.de\/comicecke\/wp-json\/wp\/v2\/comments?post=4601"}],"version-history":[{"count":1,"href":"https:\/\/www.sammlerecke.de\/comicecke\/wp-json\/wp\/v2\/posts\/4601\/revisions"}],"predecessor-version":[{"id":4603,"href":"https:\/\/www.sammlerecke.de\/comicecke\/wp-json\/wp\/v2\/posts\/4601\/revisions\/4603"}],"wp:attachment":[{"href":"https:\/\/www.sammlerecke.de\/comicecke\/wp-json\/wp\/v2\/media?parent=4601"}],"wp:term":[{"taxonomy":"category","embeddable":true,"href":"https:\/\/www.sammlerecke.de\/comicecke\/wp-json\/wp\/v2\/categories?post=4601"},{"taxonomy":"post_tag","embeddable":true,"href":"https:\/\/www.sammlerecke.de\/comicecke\/wp-json\/wp\/v2\/tags?post=4601"}],"curies":[{"name":"wp","href":"https:\/\/api.w.org\/{rel}","templated":true}]}}