{"id":4594,"date":"2016-05-25T20:01:40","date_gmt":"2016-05-25T18:01:40","guid":{"rendered":"http:\/\/www.comicecke.de\/?p=4594"},"modified":"2016-05-25T20:01:40","modified_gmt":"2016-05-25T18:01:40","slug":"die-winchesters-im-comic-1","status":"publish","type":"post","link":"https:\/\/www.sammlerecke.de\/comicecke\/2016\/05\/25\/die-winchesters-im-comic-1\/","title":{"rendered":"Die Winchesters im Comic (1)"},"content":{"rendered":"<p>Wie bei den meisten erfolgreichen Serien und Filmen gibt es auch bei SUPERNATURAL begleitendes Material in Form von Romanen und Comics. Am Interessantesten sind aber die Comics, die Teil des Kanons sind. Das kann man f\u00fcr die dritte und vierte Miniserie sagen, obwohl es dort weniger Relevanz hat, bei den ersten beiden ist es jedoch so, da Fernsehproduzent Peter Johnson hier am Keyboard sa\u00df, um die Geschichten in die Tasten zu hauen. Unterst\u00fctzung erhielt er von Rebecca Dessertine, die als Produktionsassistentin bei SUPERNATURAL t\u00e4tig ist.<\/p>\n<p><a href=\"http:\/\/www.sammlerecke.de\/comicecke\/wp-content\/uploads\/2016\/05\/super1.jpg\"><img loading=\"lazy\" decoding=\"async\" class=\"aligncenter size-full wp-image-4595\" src=\"http:\/\/www.sammlerecke.de\/comicecke\/wp-content\/uploads\/2016\/05\/super1.jpg\" alt=\"super1\" width=\"183\" height=\"275\" \/><\/a><\/p>\n<p>In den USA erschienen die Comics bei Wildstorm, in Deutschland sind alle vier bisherigen Miniserien von Panini verlegt worden. Die Reihenfolge hat man bei der deutschen Ver\u00f6ffentlichung ver\u00e4ndert. An den Start geht \u201eDer verlorene Sohn\u201c. Es ist ein Prequel, das zeigt, wie ein Vater, dessen Ziel es ist, den Tod seiner Frau zu r\u00e4chen, alles hinter sich l\u00e4sst und beginnt ein Leben, das vom Kampf gegen das B\u00f6se bestimmt wird. Doch was wird aus seinen beiden S\u00f6hnen? Die Kindheit der Winchester-Br\u00fcder Sam und Dean steht im Mittelpunkt der Story. W\u00e4hrend Sam noch \u00fcberhaupt nicht wei\u00df, gegen welche Schrecken sein Vater antritt, kennt Dean bereits das volle Ausma\u00df des Grauens. Seine Kindheit und Jugend sind gepr\u00e4gt vom Kampf gegen das B\u00f6se und dem Versuch, all das von seinem kleinen Bruder fernzuhalten. Das ist der Grund, warum Dean den Befehlen seines Vaters blind gehorcht und jederzeit bereit ist, sein Leben f\u00fcr seinen kleinen Bruder zu opfern.<\/p>\n<p>\u201eOrigins\u201c war die erste Serie, die in den USA ver\u00f6ffentlicht wurde, kam in Deutschland aber als zweiter Band. Er wurde nicht nur von Peter Johnson, sondern auch von Geoff Johns geschrieben. Erneut handelt es sich hier um ein Prequel, das zeigt, wie John seine S\u00f6hne einfach mit auf seinen <strong>Kreuzzug <\/strong>gegen das B\u00f6se mitnimmt. So werden <strong>Dean <\/strong>und<strong> Sam <\/strong>bereits als Kinder zu Soldaten ausgebildet, die in einem Krieg gegen die <strong>Unterwelt <\/strong>k\u00e4mpfen.<\/p>\n<p><a href=\"http:\/\/www.sammlerecke.de\/comicecke\/wp-content\/uploads\/2016\/05\/super2.jpg\"><img loading=\"lazy\" decoding=\"async\" class=\"aligncenter size-full wp-image-4596\" src=\"http:\/\/www.sammlerecke.de\/comicecke\/wp-content\/uploads\/2016\/05\/super2.jpg\" alt=\"super2\" width=\"183\" height=\"276\" \/><\/a><\/p>\n<p>\u201eDer Anfang vom Ende\u201c wurde von Andrew Dabb und Daniel Loflin verfasst, die beide auch die Fernsehserie schreiben. Es ist eine gegenw\u00e4rtige Geschichte, in der die Jagd der Winchesters nach dem D\u00e4mon, der Mary Winchester get\u00f6tet hat, in die n\u00e4chste Runde geht. John erf\u00e4hrt, dass ein alter Bekannter Informationen besitzt, die ihnen bei ihrer Jagd helfen k\u00f6nnten, also macht er sich mit seinen Jungs auf den Weg. In New York angekommen, treffen sie auf einen alten Weggef\u00e4hrten von John: &#8222;General&#8220; Cox, ein J\u00e4ger, der eine kleine Armee befehligt und New York seit \u00fcber zehn Jahren vor Geistern, D\u00e4monen und anderen \u00fcbernat\u00fcrlichen Wesen sch\u00fctzt. Aber k\u00f6nnen sie Cox wirklich trauen?<\/p>\n","protected":false},"excerpt":{"rendered":"<p>Wie bei den meisten erfolgreichen Serien und Filmen gibt es auch bei SUPERNATURAL begleitendes Material in Form von Romanen und Comics. Am Interessantesten sind aber die Comics, die Teil des Kanons sind. Das kann man f\u00fcr die dritte und vierte Miniserie sagen, obwohl es dort weniger Relevanz hat, bei den ersten beiden ist es jedoch [&hellip;]<\/p>\n","protected":false},"author":3,"featured_media":0,"comment_status":"open","ping_status":"open","sticky":false,"template":"","format":"standard","meta":{"_exactmetrics_skip_tracking":false,"_exactmetrics_sitenote_active":false,"_exactmetrics_sitenote_note":"","_exactmetrics_sitenote_category":0,"ngg_post_thumbnail":0,"jetpack_post_was_ever_published":false,"_jetpack_newsletter_access":"","_jetpack_dont_email_post_to_subs":false,"_jetpack_newsletter_tier_id":0,"_jetpack_memberships_contains_paywalled_content":false,"_jetpack_memberships_contains_paid_content":false,"footnotes":"","jetpack_publicize_message":"","jetpack_publicize_feature_enabled":true,"jetpack_social_post_already_shared":false,"jetpack_social_options":{"image_generator_settings":{"template":"highway","default_image_id":0,"font":"","enabled":false},"version":2}},"categories":[1],"tags":[],"class_list":["post-4594","post","type-post","status-publish","format-standard","hentry","category-allgemein"],"jetpack_publicize_connections":[],"jetpack_featured_media_url":"","jetpack_sharing_enabled":true,"jetpack_shortlink":"https:\/\/wp.me\/p8sdgG-1c6","jetpack-related-posts":[],"jetpack_likes_enabled":true,"_links":{"self":[{"href":"https:\/\/www.sammlerecke.de\/comicecke\/wp-json\/wp\/v2\/posts\/4594","targetHints":{"allow":["GET"]}}],"collection":[{"href":"https:\/\/www.sammlerecke.de\/comicecke\/wp-json\/wp\/v2\/posts"}],"about":[{"href":"https:\/\/www.sammlerecke.de\/comicecke\/wp-json\/wp\/v2\/types\/post"}],"author":[{"embeddable":true,"href":"https:\/\/www.sammlerecke.de\/comicecke\/wp-json\/wp\/v2\/users\/3"}],"replies":[{"embeddable":true,"href":"https:\/\/www.sammlerecke.de\/comicecke\/wp-json\/wp\/v2\/comments?post=4594"}],"version-history":[{"count":1,"href":"https:\/\/www.sammlerecke.de\/comicecke\/wp-json\/wp\/v2\/posts\/4594\/revisions"}],"predecessor-version":[{"id":4597,"href":"https:\/\/www.sammlerecke.de\/comicecke\/wp-json\/wp\/v2\/posts\/4594\/revisions\/4597"}],"wp:attachment":[{"href":"https:\/\/www.sammlerecke.de\/comicecke\/wp-json\/wp\/v2\/media?parent=4594"}],"wp:term":[{"taxonomy":"category","embeddable":true,"href":"https:\/\/www.sammlerecke.de\/comicecke\/wp-json\/wp\/v2\/categories?post=4594"},{"taxonomy":"post_tag","embeddable":true,"href":"https:\/\/www.sammlerecke.de\/comicecke\/wp-json\/wp\/v2\/tags?post=4594"}],"curies":[{"name":"wp","href":"https:\/\/api.w.org\/{rel}","templated":true}]}}