{"id":3971,"date":"2015-07-21T11:29:15","date_gmt":"2015-07-21T09:29:15","guid":{"rendered":"http:\/\/www.comicecke.de\/?p=3971"},"modified":"2015-07-21T11:29:15","modified_gmt":"2015-07-21T09:29:15","slug":"die-animagic-kommt","status":"publish","type":"post","link":"https:\/\/www.sammlerecke.de\/comicecke\/2015\/07\/21\/die-animagic-kommt\/","title":{"rendered":"Die Animagic kommt!"},"content":{"rendered":"<p><span style=\"font-size: medium;\"><span style=\"font-family: Calibri;\">Vom 31. Juli bis 2. August \u00f6ffnet DIE Convention des Jahres rund um Anime, Manga, Games und J-Culture endlich wieder ihre Pforten und das bereits zum 17. Mal! Damit wird die Beethovenhalle in Bonn zum absoluten Muss f\u00fcr alle Japan-Interessierte und Fans aus Deutschland und ganz Europa.<\/span><\/span><\/p>\n<p><span style=\"font-size: medium;\"><span style=\"font-family: Calibri;\">Die\u00a0<b>AnimagiC<\/b>\u00a0pr\u00e4sentiert auch in diesem Jahr wieder eine erlesene Auswahl an Topstars der J-Culture-Branche. Bereits sechs hochkar\u00e4tige japanische Ehreng\u00e4ste haben ihr Kommen best\u00e4tigt. Unsere Besucher d\u00fcrfen sich auf die Manga-Zeichner\u00a0<b>Kentaro Sato<\/b>\u00a0(u. a.\u00a0<i>Magical Girl of the End<\/i>),\u00a0<b>Tetsuya Tsutsu<\/b>i (u. a.\u00a0<i>Manhole<\/i>) und\u00a0<i>Kenshin<\/i>-Urvater\u00a0<b>Nobuhiro Watsuki\u00a0<\/b>(u. a.<i>Rurouni Kenshin<\/i>) sowie den Anime-Produzenten und \u2013Regisseuren<b>\u00a0Atsuhiro Iwakami<\/b>\u00a0(u. a.\u00a0<i>Fate stay\/night [Unlimited Blade Works]<\/i>),\u00a0<b>Shinichiro Watanabe<\/b>\u00a0(u. a.\u00a0<i>Terror in Tokio<\/i>) und\u00a0<b>Shuhei Morita<\/b>\u00a0(u. a.\u00a0<i>Tokyo Ghoul<\/i>) freuen.<\/span><\/span><\/p>\n<p><span style=\"font-size: medium;\"><span style=\"font-family: Calibri;\">Aber auch deutsche Synchronsprecher wie Jennifer Wei\u00df (u. a. Sinon in\u00a0<i>Sword Art Online II<\/i>), J-Music-Acts wie Shootingstar Mashiro Ayano (u. a.\u00a0<i>ideal white<\/i>), die gr\u00f6\u00dfte deutschsprachige\u00a0<i>Sailor Moon<\/i>-Faninitiative SailorMoonGerman, diverse deutsche Manga- und Comiczeichner und noch vieles mehr erwarten die Besucher der\u00a0<b>AnimagiC 2015<\/b>! In spannenden Q&amp;A-Panels stehen s\u00e4mtliche, geladene K\u00fcnstler nicht nur Rede und Antwort, sondern erf\u00fcllen auch gerne Autogrammw\u00fcnsche.<\/span><\/span><\/p>\n<p><span style=\"font-family: Calibri; font-size: medium;\">Weiterf\u00fchrende Informationen zu den japanischen Anime-, Manga- und J-Game-K\u00fcnstlern der\u00a0<b>AnimagiC 2015<\/b>\u00a0findet man auf\u00a0<\/span><a href=\"http:\/\/www.animania.de\/animagic\" target=\"_blank\"><span style=\"color: #0000ff; font-family: Calibri; font-size: medium;\">http:\/\/www.animania.de\/animagic<\/span><\/a><span style=\"font-size: medium;\"><span style=\"font-family: Calibri;\">.<\/span><\/span><\/p>\n","protected":false},"excerpt":{"rendered":"<p>Vom 31. Juli bis 2. August \u00f6ffnet DIE Convention des Jahres rund um Anime, Manga, Games und J-Culture endlich wieder ihre Pforten und das bereits zum 17. Mal! Damit wird die Beethovenhalle in Bonn zum absoluten Muss f\u00fcr alle Japan-Interessierte und Fans aus Deutschland und ganz Europa. Die\u00a0AnimagiC\u00a0pr\u00e4sentiert auch in diesem Jahr wieder eine erlesene [&hellip;]<\/p>\n","protected":false},"author":3,"featured_media":0,"comment_status":"open","ping_status":"open","sticky":false,"template":"","format":"standard","meta":{"_exactmetrics_skip_tracking":false,"_exactmetrics_sitenote_active":false,"_exactmetrics_sitenote_note":"","_exactmetrics_sitenote_category":0,"ngg_post_thumbnail":0,"jetpack_post_was_ever_published":false,"_jetpack_newsletter_access":"","_jetpack_dont_email_post_to_subs":false,"_jetpack_newsletter_tier_id":0,"_jetpack_memberships_contains_paywalled_content":false,"_jetpack_memberships_contains_paid_content":false,"footnotes":"","jetpack_publicize_message":"","jetpack_publicize_feature_enabled":true,"jetpack_social_post_already_shared":false,"jetpack_social_options":{"image_generator_settings":{"template":"highway","default_image_id":0,"font":"","enabled":false},"version":2}},"categories":[1,11,16],"tags":[],"class_list":["post-3971","post","type-post","status-publish","format-standard","hentry","category-allgemein","category-japan","category-manga"],"jetpack_publicize_connections":[],"jetpack_featured_media_url":"","jetpack_sharing_enabled":true,"jetpack_shortlink":"https:\/\/wp.me\/p8sdgG-123","jetpack-related-posts":[],"jetpack_likes_enabled":true,"_links":{"self":[{"href":"https:\/\/www.sammlerecke.de\/comicecke\/wp-json\/wp\/v2\/posts\/3971","targetHints":{"allow":["GET"]}}],"collection":[{"href":"https:\/\/www.sammlerecke.de\/comicecke\/wp-json\/wp\/v2\/posts"}],"about":[{"href":"https:\/\/www.sammlerecke.de\/comicecke\/wp-json\/wp\/v2\/types\/post"}],"author":[{"embeddable":true,"href":"https:\/\/www.sammlerecke.de\/comicecke\/wp-json\/wp\/v2\/users\/3"}],"replies":[{"embeddable":true,"href":"https:\/\/www.sammlerecke.de\/comicecke\/wp-json\/wp\/v2\/comments?post=3971"}],"version-history":[{"count":1,"href":"https:\/\/www.sammlerecke.de\/comicecke\/wp-json\/wp\/v2\/posts\/3971\/revisions"}],"predecessor-version":[{"id":3972,"href":"https:\/\/www.sammlerecke.de\/comicecke\/wp-json\/wp\/v2\/posts\/3971\/revisions\/3972"}],"wp:attachment":[{"href":"https:\/\/www.sammlerecke.de\/comicecke\/wp-json\/wp\/v2\/media?parent=3971"}],"wp:term":[{"taxonomy":"category","embeddable":true,"href":"https:\/\/www.sammlerecke.de\/comicecke\/wp-json\/wp\/v2\/categories?post=3971"},{"taxonomy":"post_tag","embeddable":true,"href":"https:\/\/www.sammlerecke.de\/comicecke\/wp-json\/wp\/v2\/tags?post=3971"}],"curies":[{"name":"wp","href":"https:\/\/api.w.org\/{rel}","templated":true}]}}