{"id":13103,"date":"2026-04-29T09:16:04","date_gmt":"2026-04-29T07:16:04","guid":{"rendered":"https:\/\/www.sammlerecke.de\/comicecke\/?p=13103"},"modified":"2026-04-28T09:16:29","modified_gmt":"2026-04-28T07:16:29","slug":"neues-von-splitter-bathory-western-mehr","status":"publish","type":"post","link":"https:\/\/www.sammlerecke.de\/comicecke\/2026\/04\/29\/neues-von-splitter-bathory-western-mehr\/","title":{"rendered":"Neues von Splitter: Bathory, Western &amp; mehr"},"content":{"rendered":"\n<p>Bei Splitter gibte s ein paar sch\u00f6ne Einzelb\u00e4nde. <\/p>\n\n\n<div class=\"wp-block-image\">\n<figure class=\"aligncenter size-full is-resized\"><a href=\"https:\/\/www.sammlerecke.de\/comicecke\/wp-content\/uploads\/2026\/04\/Splitter20260206koeniglichesblut_elisabethbathory_hcJPG.jpg\"><img loading=\"lazy\" decoding=\"async\" width=\"600\" height=\"834\" src=\"https:\/\/www.sammlerecke.de\/comicecke\/wp-content\/uploads\/2026\/04\/Splitter20260206koeniglichesblut_elisabethbathory_hcJPG.jpg\" alt=\"\" class=\"wp-image-13104\" style=\"width:410px;height:auto\" srcset=\"https:\/\/www.sammlerecke.de\/comicecke\/wp-content\/uploads\/2026\/04\/Splitter20260206koeniglichesblut_elisabethbathory_hcJPG.jpg 600w, https:\/\/www.sammlerecke.de\/comicecke\/wp-content\/uploads\/2026\/04\/Splitter20260206koeniglichesblut_elisabethbathory_hcJPG-216x300.jpg 216w\" sizes=\"auto, (max-width: 600px) 100vw, 600px\" \/><\/a><\/figure>\n<\/div>\n\n\n<p><strong><a href=\"https:\/\/www.sammlerecke.de\/neuheiten-shop\/comics\/comic-verlage-a-z\/splitter\/alben\/koenigliches-blut\/318832\/koenigliches-blut-elisabeth-bathory-die-blutgraefin?number=Splitter2026-02-06\">K\u00d6NIGLICHES BLUT: ELISABETH BATHORY<\/a><\/strong> (18 Euro) befasst sich mit der Blutgr\u00e4fin, die Jungfrauen ermorden lie\u00df, um in ihrem Blut zu baden, da sie hoffte, so ihre Jugend erhalten zu k\u00f6nnen. Der Comic hat seine Momente, bringt aber auch \u00dcbernat\u00fcrliches ins Spiel und findet einen Ehemann f\u00fcr die Gr\u00e4fin, der an Vlad Dracul erinnert. <\/p>\n\n\n<div class=\"wp-block-image\">\n<figure class=\"aligncenter size-full is-resized\"><a href=\"https:\/\/www.sammlerecke.de\/comicecke\/wp-content\/uploads\/2026\/04\/Splitter20260208biszumbitterenende_hcJPG.jpg\"><img loading=\"lazy\" decoding=\"async\" width=\"600\" height=\"834\" src=\"https:\/\/www.sammlerecke.de\/comicecke\/wp-content\/uploads\/2026\/04\/Splitter20260208biszumbitterenende_hcJPG.jpg\" alt=\"\" class=\"wp-image-13105\" style=\"width:433px;height:auto\" srcset=\"https:\/\/www.sammlerecke.de\/comicecke\/wp-content\/uploads\/2026\/04\/Splitter20260208biszumbitterenende_hcJPG.jpg 600w, https:\/\/www.sammlerecke.de\/comicecke\/wp-content\/uploads\/2026\/04\/Splitter20260208biszumbitterenende_hcJPG-216x300.jpg 216w\" sizes=\"auto, (max-width: 600px) 100vw, 600px\" \/><\/a><\/figure>\n<\/div>\n\n\n<p><strong><a href=\"https:\/\/www.sammlerecke.de\/neuheiten-shop\/comics\/comic-verlage-a-z\/splitter\/alben\/a-z-einzelbaende\/318834\/bis-zum-bitteren-ende-erweiterte-neuausgabe\">BIS ZUM BITTEREN ENDE<\/a><\/strong> (22 Euro) ist ein Western, der zu der Zeit spielt, als die \u00c4ra der Cowboys zu Ende geht. Ein ehemaliger Cowboy m\u00f6chte Farmer werden, sein Sch\u00fctzling wird jedoch ermordet, was er nicht einfach hinnehmen kann. Der Kontrast des Alten mit dem Neuen funktioniert hier gut, ebenso das Gef\u00fchl einer Zeit, die zu Ende geht, w\u00e4hrend die alten Regeln noch einmal hochkochen. Als Bonus gibt es eine Galerie und ein Interview mit dem Zeichner.<\/p>\n\n\n<div class=\"wp-block-image\">\n<figure class=\"aligncenter size-full is-resized\"><a href=\"https:\/\/www.sammlerecke.de\/comicecke\/wp-content\/uploads\/2026\/04\/Splitter20260313okcorral_hcJPG.jpg\"><img loading=\"lazy\" decoding=\"async\" width=\"600\" height=\"834\" src=\"https:\/\/www.sammlerecke.de\/comicecke\/wp-content\/uploads\/2026\/04\/Splitter20260313okcorral_hcJPG.jpg\" alt=\"\" class=\"wp-image-13106\" style=\"width:351px;height:auto\" srcset=\"https:\/\/www.sammlerecke.de\/comicecke\/wp-content\/uploads\/2026\/04\/Splitter20260313okcorral_hcJPG.jpg 600w, https:\/\/www.sammlerecke.de\/comicecke\/wp-content\/uploads\/2026\/04\/Splitter20260313okcorral_hcJPG-216x300.jpg 216w\" sizes=\"auto, (max-width: 600px) 100vw, 600px\" \/><\/a><\/figure>\n<\/div>\n\n\n<p> Klassischer ist da schon <strong><a href=\"https:\/\/www.sammlerecke.de\/neuheiten-shop\/comics\/comic-verlage-a-z\/splitter\/alben\/wahre-geschichte-des-wilden-westens\/318865\/die-wahre-geschichte-des-wilden-westens-ok-corral\">O.K. CORRAL<\/a><\/strong> (18 Euro) \u00fcber den Kampf der Earps gegen die Clantons. Wer sich mit der Wyatt-Earp-Historie schon vertraut gemacht hat, erf\u00e4hrt hier kaum Neues. <\/p>\n\n\n<div class=\"wp-block-image\">\n<figure class=\"aligncenter size-full is-resized\"><a href=\"https:\/\/www.sammlerecke.de\/comicecke\/wp-content\/uploads\/2026\/04\/Splitter20260304ulysse_cyrano_hcJPG.jpg\"><img loading=\"lazy\" decoding=\"async\" width=\"600\" height=\"836\" src=\"https:\/\/www.sammlerecke.de\/comicecke\/wp-content\/uploads\/2026\/04\/Splitter20260304ulysse_cyrano_hcJPG.jpg\" alt=\"\" class=\"wp-image-13107\" style=\"width:408px;height:auto\" srcset=\"https:\/\/www.sammlerecke.de\/comicecke\/wp-content\/uploads\/2026\/04\/Splitter20260304ulysse_cyrano_hcJPG.jpg 600w, https:\/\/www.sammlerecke.de\/comicecke\/wp-content\/uploads\/2026\/04\/Splitter20260304ulysse_cyrano_hcJPG-215x300.jpg 215w\" sizes=\"auto, (max-width: 600px) 100vw, 600px\" \/><\/a><\/figure>\n<\/div>\n\n\n<p><strong><a href=\"https:\/\/www.sammlerecke.de\/neuheiten-shop\/comics\/comic-verlage-a-z\/splitter\/alben\/a-z-einzelbaende\/318856\/ulysse-und-cyrano?number=Splitter2026-03-04\">ULYSSE &amp; CYRANO<\/a><\/strong> (35 Euro) erz\u00e4hlt von Ulysse Ducerf, der kurz vor dem Schulabschluss und einer gl\u00e4nzenden Zukunft steht: Elite-Studium an der \u00c9cole Polytechnique und sp\u00e4ter die \u00dcbernahme des Familienunternehmens \u2013 so zumindest der Plan seines Vaters. Doch ein Skandal ersch\u00fcttert alles: Der Patriarch wird beschuldigt, im Zweiten Weltkrieg mit dem NS-Regime kooperiert zu haben. Die Familie zieht nach Burgund, wo Ulysse dem wortkargen Koch Cyrano begegnet. Dessen Welt der Kulinarik ver\u00e4ndert ihn grundlegend und stellt sein bisheriges Leben infrage. Eine genussvolle Graphic Novel im Frankreich der Nachkriegszeit, die weit \u00fcber gutes Essen hinausgeht und Fragen nach Gl\u00fcck, Erf\u00fcllung und dem richtigen Lebensweg stellt. <\/p>\n\n\n<div class=\"wp-block-image\">\n<figure class=\"aligncenter size-full is-resized\"><a href=\"https:\/\/www.sammlerecke.de\/comicecke\/wp-content\/uploads\/2026\/04\/Splitter20260305vercingetorix_hcJPG.jpg\"><img loading=\"lazy\" decoding=\"async\" width=\"600\" height=\"840\" src=\"https:\/\/www.sammlerecke.de\/comicecke\/wp-content\/uploads\/2026\/04\/Splitter20260305vercingetorix_hcJPG.jpg\" alt=\"\" class=\"wp-image-13108\" style=\"width:407px;height:auto\" srcset=\"https:\/\/www.sammlerecke.de\/comicecke\/wp-content\/uploads\/2026\/04\/Splitter20260305vercingetorix_hcJPG.jpg 600w, https:\/\/www.sammlerecke.de\/comicecke\/wp-content\/uploads\/2026\/04\/Splitter20260305vercingetorix_hcJPG-214x300.jpg 214w\" sizes=\"auto, (max-width: 600px) 100vw, 600px\" \/><\/a><\/figure>\n<\/div>\n\n\n<p><strong><a href=\"https:\/\/www.sammlerecke.de\/neuheiten-shop\/comics\/comic-verlage-a-z\/splitter\/alben\/historische-persoenlichkeiten\/318857\/historische-persoenlichkeiten-vercingetorix?number=Splitter2026-03-05\">VERCINGETORIX<\/a><\/strong> (17 Euro) ist die neueste Biografie der Reihe HISTORISCHE PERS\u00d6NLICHKEITEN und zeichnet das Leben des Anf\u00fchrers der Gallier nach, der sich Caesar geschlagen geben musste. Interessante Hintergr\u00fcnde, durchaus auch f\u00fcr Asterix-Fans.<\/p>\n\n\n<div class=\"wp-block-image\">\n<figure class=\"aligncenter size-full is-resized\"><a href=\"https:\/\/www.sammlerecke.de\/comicecke\/wp-content\/uploads\/2026\/04\/Splitter20260302kriegsfotografen_hcJPG.jpg\"><img loading=\"lazy\" decoding=\"async\" width=\"600\" height=\"849\" src=\"https:\/\/www.sammlerecke.de\/comicecke\/wp-content\/uploads\/2026\/04\/Splitter20260302kriegsfotografen_hcJPG.jpg\" alt=\"\" class=\"wp-image-13109\" style=\"width:491px;height:auto\" srcset=\"https:\/\/www.sammlerecke.de\/comicecke\/wp-content\/uploads\/2026\/04\/Splitter20260302kriegsfotografen_hcJPG.jpg 600w, https:\/\/www.sammlerecke.de\/comicecke\/wp-content\/uploads\/2026\/04\/Splitter20260302kriegsfotografen_hcJPG-212x300.jpg 212w\" sizes=\"auto, (max-width: 600px) 100vw, 600px\" \/><\/a><\/figure>\n<\/div>\n\n\n<p> Am 18. Juli 1936 bereitet sich in <a href=\"https:\/\/www.sammlerecke.de\/neuheiten-shop\/comics\/comic-verlage-a-z\/splitter\/alben\/a-z-einzelbaende\/318854\/kriegsfotografen-hans-namuth-und-georg-reisner-1936-1940?number=Splitter2026-03-02\"><strong>KRIEGSFOTOGRAFEN<\/strong> <\/a>(29,80 Euro) Barcelona auf die Volksolympiade vor \u2013 ein pazifistisches Gegengewicht zu den Spielen im nationalsozialistischen Berlin. Doch schon am n\u00e4chsten Tag putscht General Franco, und der Spanische B\u00fcrgerkrieg beginnt. Die jungen Fotografen Hans Namuth und Georg Reisner, urspr\u00fcnglich f\u00fcr die Dokumentation der Spiele angereist, werden unvermittelt zu Kriegsberichterstattern. In den folgenden Monaten halten sie die Brutalit\u00e4t des Konflikts mit der Kamera fest \u2013 Bilder, die weltweit verbreitet werden und zugleich ihren eigenen Blick auf Gewalt und Gefahr pr\u00e4gen. Die Graphic Novel ist ein dokumentarischer Comic \u00fcber eine historische Z\u00e4sur, aber auch ein eindringliches Portr\u00e4t zweier M\u00e4nner, die die Realit\u00e4t des Krieges sichtbar machen \u2013 und dabei selbst Teil von ihr werden.<\/p>\n","protected":false},"excerpt":{"rendered":"<p>Bei Splitter gibte s ein paar sch\u00f6ne Einzelb\u00e4nde. K\u00d6NIGLICHES BLUT: ELISABETH BATHORY (18 Euro) befasst sich mit der Blutgr\u00e4fin, die Jungfrauen ermorden lie\u00df, um in ihrem Blut zu baden, da sie hoffte, so ihre Jugend erhalten zu k\u00f6nnen. Der Comic hat seine Momente, bringt aber auch \u00dcbernat\u00fcrliches ins Spiel und findet einen Ehemann f\u00fcr die [&hellip;]<\/p>\n","protected":false},"author":3,"featured_media":13107,"comment_status":"open","ping_status":"open","sticky":false,"template":"","format":"standard","meta":{"_exactmetrics_skip_tracking":false,"_exactmetrics_sitenote_active":false,"_exactmetrics_sitenote_note":"","_exactmetrics_sitenote_category":0,"ngg_post_thumbnail":0,"jetpack_post_was_ever_published":false,"_jetpack_newsletter_access":"","_jetpack_dont_email_post_to_subs":false,"_jetpack_newsletter_tier_id":0,"_jetpack_memberships_contains_paywalled_content":false,"_jetpack_memberships_contains_paid_content":false,"footnotes":"","jetpack_publicize_message":"","jetpack_publicize_feature_enabled":true,"jetpack_social_post_already_shared":true,"jetpack_social_options":{"image_generator_settings":{"template":"highway","default_image_id":0,"font":"","enabled":false},"version":2}},"categories":[1],"tags":[3682,572,1319,87],"class_list":["post-13103","post","type-post","status-publish","format-standard","has-post-thumbnail","hentry","category-allgemein","tag-blutgraefin","tag-graphic-novel","tag-krieg","tag-splitter"],"jetpack_publicize_connections":[],"jetpack_featured_media_url":"https:\/\/www.sammlerecke.de\/comicecke\/wp-content\/uploads\/2026\/04\/Splitter20260304ulysse_cyrano_hcJPG.jpg","jetpack_sharing_enabled":true,"jetpack_shortlink":"https:\/\/wp.me\/p8sdgG-3pl","jetpack-related-posts":[],"jetpack_likes_enabled":true,"_links":{"self":[{"href":"https:\/\/www.sammlerecke.de\/comicecke\/wp-json\/wp\/v2\/posts\/13103","targetHints":{"allow":["GET"]}}],"collection":[{"href":"https:\/\/www.sammlerecke.de\/comicecke\/wp-json\/wp\/v2\/posts"}],"about":[{"href":"https:\/\/www.sammlerecke.de\/comicecke\/wp-json\/wp\/v2\/types\/post"}],"author":[{"embeddable":true,"href":"https:\/\/www.sammlerecke.de\/comicecke\/wp-json\/wp\/v2\/users\/3"}],"replies":[{"embeddable":true,"href":"https:\/\/www.sammlerecke.de\/comicecke\/wp-json\/wp\/v2\/comments?post=13103"}],"version-history":[{"count":1,"href":"https:\/\/www.sammlerecke.de\/comicecke\/wp-json\/wp\/v2\/posts\/13103\/revisions"}],"predecessor-version":[{"id":13110,"href":"https:\/\/www.sammlerecke.de\/comicecke\/wp-json\/wp\/v2\/posts\/13103\/revisions\/13110"}],"wp:featuredmedia":[{"embeddable":true,"href":"https:\/\/www.sammlerecke.de\/comicecke\/wp-json\/wp\/v2\/media\/13107"}],"wp:attachment":[{"href":"https:\/\/www.sammlerecke.de\/comicecke\/wp-json\/wp\/v2\/media?parent=13103"}],"wp:term":[{"taxonomy":"category","embeddable":true,"href":"https:\/\/www.sammlerecke.de\/comicecke\/wp-json\/wp\/v2\/categories?post=13103"},{"taxonomy":"post_tag","embeddable":true,"href":"https:\/\/www.sammlerecke.de\/comicecke\/wp-json\/wp\/v2\/tags?post=13103"}],"curies":[{"name":"wp","href":"https:\/\/api.w.org\/{rel}","templated":true}]}}