{"id":13090,"date":"2026-04-25T09:02:06","date_gmt":"2026-04-25T07:02:06","guid":{"rendered":"https:\/\/www.sammlerecke.de\/comicecke\/?p=13090"},"modified":"2026-04-28T09:05:49","modified_gmt":"2026-04-28T07:05:49","slug":"a-walk-through-hell-1-eine-vergessene-garth-ennis-perle","status":"publish","type":"post","link":"https:\/\/www.sammlerecke.de\/comicecke\/2026\/04\/25\/a-walk-through-hell-1-eine-vergessene-garth-ennis-perle\/","title":{"rendered":"A Walk Through Hell (1): Eine vergessene Garth-Ennis-Perle"},"content":{"rendered":"\n<p>Obwohl mit <em>Preacher<\/em> und <em>The Boys<\/em> gleich zwei seiner Stoffe als TV-Formate verfilmt wurden, hat der nordirische Autor Garth Ennis heutzutage l\u00e4ngst nicht mehr dieselbe Bedeutung wie in den ausgehenden 1990er Jahren. Damals schrieb er nicht nur <em>Preacher<\/em>, sondern hatte auch mit der DC-Serie <em>Hitman<\/em> Erfolg und begann danach seine lange Zeit bei Marvels <em>Punisher<\/em>. Sein Desinteresse an klassischen Superhelden sorgte aber daf\u00fcr, dass er langsam, aber sicher aus dem Kader an Top-Autoren herausrotierte, die f\u00fcr die gro\u00dfen Zwei t\u00e4tig sind.<\/p>\n\n\n<div class=\"wp-block-image\">\n<figure class=\"aligncenter size-full\"><a href=\"https:\/\/www.sammlerecke.de\/comicecke\/wp-content\/uploads\/2026\/04\/csm_awth_1_cvr-2fd45db5_d009ab86b7.webp\"><img loading=\"lazy\" decoding=\"async\" width=\"444\" height=\"684\" src=\"https:\/\/www.sammlerecke.de\/comicecke\/wp-content\/uploads\/2026\/04\/csm_awth_1_cvr-2fd45db5_d009ab86b7.webp\" alt=\"\" class=\"wp-image-13091\" srcset=\"https:\/\/www.sammlerecke.de\/comicecke\/wp-content\/uploads\/2026\/04\/csm_awth_1_cvr-2fd45db5_d009ab86b7.webp 444w, https:\/\/www.sammlerecke.de\/comicecke\/wp-content\/uploads\/2026\/04\/csm_awth_1_cvr-2fd45db5_d009ab86b7-195x300.webp 195w\" sizes=\"auto, (max-width: 444px) 100vw, 444px\" \/><\/a><\/figure>\n<\/div>\n\n\n<p>Stattdessen hat Ennis im Lauf der Jahre das gemacht, was ihn pers\u00f6nlich anspricht. Bei verschiedenen Verlagen platzierte er Kriegs-Comics, die seine eigene Comic-Sozialisierung als Kind waren, dazu kamen Horror- und phantastische Stoffe. Da er eine Fanbasis und sein Name immer noch Zugkraft besitzt, sind kleinere Verlage wie Avatar oder AfterShock an seinen Arbeiten interessiert. F\u00fcr letzteren hat er <em>A Walk Through Hell<\/em> ersonnen, nachdem er zuvor dort die Kriegsgeschichte <em>Daring Eagles<\/em> erz\u00e4hlt und mit <em>Jimmy\u2019s Bastards<\/em> seine ganz ureigene Version von James Bond abgeliefert hat. <em>A Walk Through Hell<\/em> ist eine Miniserrie konzipiert, die hierzulande von Cross Cult publiziert wird.<\/p>\n\n\n\n<p>Die Geschichte beginnt in einem kalifornischen Lagerhaus, in das die FBI-Agenten Shaw und McGregor gehen, weil dort zwei Kollegen verschwunden sind. Dort geht jedoch nicht alles mit rechten Dingen zu. Beide erkennen, dass etwas mit ihnen passiert ist. Bei keinem von ihnen ist noch ein Puls auffindbar, einer ihrer Kollegen taucht wieder auf, befindet sich aber in einem Stadium des ewigen Selbstmords und Shaw h\u00f6rt die Stimme eines Mannes, der unm\u00f6glich da sein kann.<\/p>\n\n\n<div class=\"wp-block-image\">\n<figure class=\"aligncenter size-full\"><a href=\"https:\/\/www.sammlerecke.de\/comicecke\/wp-content\/uploads\/2026\/04\/gg.jpg\"><img loading=\"lazy\" decoding=\"async\" width=\"183\" height=\"275\" src=\"https:\/\/www.sammlerecke.de\/comicecke\/wp-content\/uploads\/2026\/04\/gg.jpg\" alt=\"\" class=\"wp-image-13092\"\/><\/a><\/figure>\n<\/div>\n\n\n<p>Das alles hat mit einem h\u00f6chst traumatischen Fall zu tun, an dem Shaw und McGregor gearbeitet haben. Darum gibt es um entf\u00fchrte, sehr wahrscheinlich get\u00f6tete Kinder und einen T\u00e4ter, der den FBI-Agenten immer einen Schritt voraus war.<\/p>\n\n\n\n<p>Das ganze Ausma\u00df dessen, dem sich die FBI-Agenten stellen m\u00fcssen, kommt erst im Verlauf der Geschichte zum Tragen, wobei der Hauch eines Mysteriums immer gegeben ist. In R\u00fcckblicken erf\u00e4hrt man mehr dar\u00fcber, was die Agenten in dem fr\u00fcheren Fall getan haben, was wiederum dem Verst\u00e4ndnis der gegenw\u00e4rtigen Handlung zutr\u00e4glich ist \u2013 ohne, dass Ennis alle Karten auf den Tisch legen w\u00fcrde.<\/p>\n\n\n<div class=\"wp-block-image\">\n<figure class=\"aligncenter size-full\"><a href=\"https:\/\/www.sammlerecke.de\/comicecke\/wp-content\/uploads\/2026\/04\/ghjdgt.jpg\"><img loading=\"lazy\" decoding=\"async\" width=\"181\" height=\"279\" src=\"https:\/\/www.sammlerecke.de\/comicecke\/wp-content\/uploads\/2026\/04\/ghjdgt.jpg\" alt=\"\" class=\"wp-image-13093\"\/><\/a><\/figure>\n<\/div>\n\n\n<p>Dem <em>Hollywood Reporter<\/em> erz\u00e4hlte Ennis: \u201eEs ist lange her, seit ich eine Horror-Geschichte gemacht habe. <em>Caliban<\/em> war zum Teil auch Science Fiction, meine letzte echte Horror-Geschichte war dann wohl <em>Crossed<\/em> im Jahr 2008. Das entstand zum Teil aus meiner Reaktion auf die Bush-\u00c4ra heraus und drehte sich um das Thema Chaos und das Gef\u00fchl des Verlassenwerdens. <em>A Walk Through Hell<\/em> ist eher meine Reaktion auf die derzeitige Administration. Es geht um Korruption, um falsche Taten und das Aufkeimen von etwas B\u00f6sen, das lange in Schach gehalten worden ist. Ich hatte das Gef\u00fchl, dass es an der Zeit ist, wieder einen Blick in die Dunkelheit zu werfen.\u201c<\/p>\n","protected":false},"excerpt":{"rendered":"<p>Obwohl mit Preacher und The Boys gleich zwei seiner Stoffe als TV-Formate verfilmt wurden, hat der nordirische Autor Garth Ennis heutzutage l\u00e4ngst nicht mehr dieselbe Bedeutung wie in den ausgehenden 1990er Jahren. Damals schrieb er nicht nur Preacher, sondern hatte auch mit der DC-Serie Hitman Erfolg und begann danach seine lange Zeit bei Marvels Punisher. [&hellip;]<\/p>\n","protected":false},"author":3,"featured_media":13091,"comment_status":"open","ping_status":"open","sticky":false,"template":"","format":"standard","meta":{"_exactmetrics_skip_tracking":false,"_exactmetrics_sitenote_active":false,"_exactmetrics_sitenote_note":"","_exactmetrics_sitenote_category":0,"ngg_post_thumbnail":0,"jetpack_post_was_ever_published":false,"_jetpack_newsletter_access":"","_jetpack_dont_email_post_to_subs":false,"_jetpack_newsletter_tier_id":0,"_jetpack_memberships_contains_paywalled_content":false,"_jetpack_memberships_contains_paid_content":false,"footnotes":"","jetpack_publicize_message":"","jetpack_publicize_feature_enabled":true,"jetpack_social_post_already_shared":true,"jetpack_social_options":{"image_generator_settings":{"template":"highway","default_image_id":0,"font":"","enabled":false},"version":2}},"categories":[1,2071],"tags":[3680,47],"class_list":["post-13090","post","type-post","status-publish","format-standard","has-post-thumbnail","hentry","category-allgemein","category-horror","tag-a-walk-through-hell","tag-garth-ennis"],"jetpack_publicize_connections":[],"jetpack_featured_media_url":"https:\/\/www.sammlerecke.de\/comicecke\/wp-content\/uploads\/2026\/04\/csm_awth_1_cvr-2fd45db5_d009ab86b7.webp","jetpack_sharing_enabled":true,"jetpack_shortlink":"https:\/\/wp.me\/p8sdgG-3p8","jetpack-related-posts":[],"jetpack_likes_enabled":true,"_links":{"self":[{"href":"https:\/\/www.sammlerecke.de\/comicecke\/wp-json\/wp\/v2\/posts\/13090","targetHints":{"allow":["GET"]}}],"collection":[{"href":"https:\/\/www.sammlerecke.de\/comicecke\/wp-json\/wp\/v2\/posts"}],"about":[{"href":"https:\/\/www.sammlerecke.de\/comicecke\/wp-json\/wp\/v2\/types\/post"}],"author":[{"embeddable":true,"href":"https:\/\/www.sammlerecke.de\/comicecke\/wp-json\/wp\/v2\/users\/3"}],"replies":[{"embeddable":true,"href":"https:\/\/www.sammlerecke.de\/comicecke\/wp-json\/wp\/v2\/comments?post=13090"}],"version-history":[{"count":1,"href":"https:\/\/www.sammlerecke.de\/comicecke\/wp-json\/wp\/v2\/posts\/13090\/revisions"}],"predecessor-version":[{"id":13094,"href":"https:\/\/www.sammlerecke.de\/comicecke\/wp-json\/wp\/v2\/posts\/13090\/revisions\/13094"}],"wp:featuredmedia":[{"embeddable":true,"href":"https:\/\/www.sammlerecke.de\/comicecke\/wp-json\/wp\/v2\/media\/13091"}],"wp:attachment":[{"href":"https:\/\/www.sammlerecke.de\/comicecke\/wp-json\/wp\/v2\/media?parent=13090"}],"wp:term":[{"taxonomy":"category","embeddable":true,"href":"https:\/\/www.sammlerecke.de\/comicecke\/wp-json\/wp\/v2\/categories?post=13090"},{"taxonomy":"post_tag","embeddable":true,"href":"https:\/\/www.sammlerecke.de\/comicecke\/wp-json\/wp\/v2\/tags?post=13090"}],"curies":[{"name":"wp","href":"https:\/\/api.w.org\/{rel}","templated":true}]}}