{"id":12344,"date":"2025-05-12T16:54:29","date_gmt":"2025-05-12T14:54:29","guid":{"rendered":"https:\/\/www.sammlerecke.de\/comicecke\/?p=12344"},"modified":"2025-05-13T22:34:36","modified_gmt":"2025-05-13T20:34:36","slug":"als-ob-junji-ito-auf-hayao-mizayzaki-treffen-wuerde","status":"publish","type":"post","link":"https:\/\/www.sammlerecke.de\/comicecke\/2025\/05\/12\/als-ob-junji-ito-auf-hayao-mizayzaki-treffen-wuerde\/","title":{"rendered":"Als ob Junji Ito auf Hayao Mizayzaki treffen w\u00fcrde"},"content":{"rendered":"\n<p>F\u00fcr Fans phantastischer Geschichten, vor allem solcher mit Horror-Touch, gibt es ein paar interessante Ver\u00f6ffentlichungen.<\/p>\n\n\n<div class=\"wp-block-image\">\n<figure class=\"aligncenter size-full\"><a href=\"https:\/\/www.sammlerecke.de\/comicecke\/wp-content\/uploads\/2025\/05\/Crosscult20250201hairballJPG.jpg\"><img loading=\"lazy\" decoding=\"async\" width=\"600\" height=\"900\" src=\"https:\/\/www.sammlerecke.de\/comicecke\/wp-content\/uploads\/2025\/05\/Crosscult20250201hairballJPG.jpg\" alt=\"\" class=\"wp-image-12345\" srcset=\"https:\/\/www.sammlerecke.de\/comicecke\/wp-content\/uploads\/2025\/05\/Crosscult20250201hairballJPG.jpg 600w, https:\/\/www.sammlerecke.de\/comicecke\/wp-content\/uploads\/2025\/05\/Crosscult20250201hairballJPG-200x300.jpg 200w\" sizes=\"auto, (max-width: 600px) 100vw, 600px\" \/><\/a><\/figure>\n<\/div>\n\n\n<p>Von Cross Cult gibt es mit <a href=\"https:\/\/www.sammlerecke.de\/neuheiten-shop\/comics\/comic-verlage-a-z\/cross-cult\/a-z-einzelbaende\/302333\/hairball?number=Crosscult2025-02-01\">HAIRBALL <\/a>(25 Euro) etwas f\u00fcr Katzenfreunde \u2013 oder auch -Hasser. Denn hier ist es eine schwarze Katze, von der ein junges M\u00e4dchen vermutet, dass sie hinter all ihren Problemen steckt: Familienplagen, \u00fcbernat\u00fcrliche Schrecken und weit mehr. Ein durchaus mitrei\u00dfender Comic, der nicht ganz zu Unrecht so beschrieben wird: Als ob Junji Ito auf Hayao Miyazaki treffen w\u00fcrde. <\/p>\n\n\n<div class=\"wp-block-image\">\n<figure class=\"aligncenter size-full\"><a href=\"https:\/\/www.sammlerecke.de\/comicecke\/wp-content\/uploads\/2025\/05\/Crosscult20250303ourbonesdust_tpbJPG.jpg\"><img loading=\"lazy\" decoding=\"async\" width=\"600\" height=\"901\" src=\"https:\/\/www.sammlerecke.de\/comicecke\/wp-content\/uploads\/2025\/05\/Crosscult20250303ourbonesdust_tpbJPG.jpg\" alt=\"\" class=\"wp-image-12346\" srcset=\"https:\/\/www.sammlerecke.de\/comicecke\/wp-content\/uploads\/2025\/05\/Crosscult20250303ourbonesdust_tpbJPG.jpg 600w, https:\/\/www.sammlerecke.de\/comicecke\/wp-content\/uploads\/2025\/05\/Crosscult20250303ourbonesdust_tpbJPG-200x300.jpg 200w\" sizes=\"auto, (max-width: 600px) 100vw, 600px\" \/><\/a><\/figure>\n<\/div>\n\n\n<p><a href=\"https:\/\/www.sammlerecke.de\/neuheiten-shop\/comics\/comic-verlage-a-z\/cross-cult\/a-z-einzelbaende\/302336\/our-bones-dust?number=Crosscult2025-03-03\">OUR BONES DUST<\/a> (22 Euro) ist eine postapokalyptische Erz\u00e4hlung von Ben Stenbeck, der einen KI-Arch\u00e4ologen auf einem Planeten die \u00dcberreste einer einstigen Zivilisation finden l\u00e4sst, und mit ihr auch Barbaren und primitive Kannibalen. Stenbeck erschafft eine faszinierende Endzeit, an deren Ende wiederum ein Schimmer Hoffnung erbl\u00fcht. Der Dantes Verlag ist weiterhin bem\u00fcht, philippinische Comics dem deutschen Publikum n\u00e4herzubringen. <\/p>\n\n\n<div class=\"wp-block-image\">\n<figure class=\"aligncenter size-full\"><a href=\"https:\/\/www.sammlerecke.de\/comicecke\/wp-content\/uploads\/2025\/05\/Dantes20250301depikto_tpbJPG.jpg\"><img loading=\"lazy\" decoding=\"async\" width=\"600\" height=\"904\" src=\"https:\/\/www.sammlerecke.de\/comicecke\/wp-content\/uploads\/2025\/05\/Dantes20250301depikto_tpbJPG.jpg\" alt=\"\" class=\"wp-image-12347\" srcset=\"https:\/\/www.sammlerecke.de\/comicecke\/wp-content\/uploads\/2025\/05\/Dantes20250301depikto_tpbJPG.jpg 600w, https:\/\/www.sammlerecke.de\/comicecke\/wp-content\/uploads\/2025\/05\/Dantes20250301depikto_tpbJPG-199x300.jpg 199w\" sizes=\"auto, (max-width: 600px) 100vw, 600px\" \/><\/a><\/figure>\n<\/div>\n\n\n<p><a href=\"https:\/\/www.sammlerecke.de\/neuheiten-shop\/comics\/comic-verlage-a-z\/dantes-verlag\/a-z-einzeltitel\/312171\/depikto?number=Dantes2025-03-01\">DEPIKTO <\/a>(22 Euro) erz\u00e4hlt von einem Mann, der zu einer Kunstausstellung eingeladen wird, nur um zu merken, dass jedes Bild einen privaten und sehr intimen Moment seines Lebens darstellt. M\u00f6chte ihn jemand in den Wahnsinn treiben oder steckt mehr dahinter? Je mehr Bilder man sieht, desto mehr entwickelt man ein Verst\u00e4ndnis f\u00fcr die Hauptfigur. Eine hintergr\u00fcndige Geschichte, deren Ende besonders faszinierend ist. <\/p>\n\n\n<div class=\"wp-block-image\">\n<figure class=\"aligncenter size-full\"><a href=\"https:\/\/www.sammlerecke.de\/comicecke\/wp-content\/uploads\/2025\/05\/Dantes20250201josefina_tpbJPG.jpg\"><img loading=\"lazy\" decoding=\"async\" width=\"600\" height=\"930\" src=\"https:\/\/www.sammlerecke.de\/comicecke\/wp-content\/uploads\/2025\/05\/Dantes20250201josefina_tpbJPG.jpg\" alt=\"\" class=\"wp-image-12348\" srcset=\"https:\/\/www.sammlerecke.de\/comicecke\/wp-content\/uploads\/2025\/05\/Dantes20250201josefina_tpbJPG.jpg 600w, https:\/\/www.sammlerecke.de\/comicecke\/wp-content\/uploads\/2025\/05\/Dantes20250201josefina_tpbJPG-194x300.jpg 194w\" sizes=\"auto, (max-width: 600px) 100vw, 600px\" \/><\/a><\/figure>\n<\/div>\n\n\n<p><a href=\"https:\/\/www.sammlerecke.de\/neuheiten-shop\/comics\/comic-verlage-a-z\/dantes-verlag\/a-z-einzeltitel\/312170\/josefina?number=Dantes2025-02-01\">JOSEFINA <\/a>(17 Euro) ist ein in hartem Schwarzwei\u00df gehaltener Horror-Comic, der auf den Kopf stellt, was zu erwarten w\u00e4re, denn in einer Welt, in der Menschen zu Monstern werden, zeigt ein Monster seine Menschlichkeit. <\/p>\n\n\n<div class=\"wp-block-image\">\n<figure class=\"aligncenter size-large is-resized\"><a href=\"https:\/\/www.sammlerecke.de\/comicecke\/wp-content\/uploads\/2025\/05\/die-vergessenen-welten-band-1-gebundene-ausgabe-aucha.webp\"><img loading=\"lazy\" decoding=\"async\" width=\"736\" height=\"1024\" src=\"https:\/\/www.sammlerecke.de\/comicecke\/wp-content\/uploads\/2025\/05\/die-vergessenen-welten-band-1-gebundene-ausgabe-aucha-736x1024.webp\" alt=\"\" class=\"wp-image-12349\" style=\"width:427px;height:auto\" srcset=\"https:\/\/www.sammlerecke.de\/comicecke\/wp-content\/uploads\/2025\/05\/die-vergessenen-welten-band-1-gebundene-ausgabe-aucha-736x1024.webp 736w, https:\/\/www.sammlerecke.de\/comicecke\/wp-content\/uploads\/2025\/05\/die-vergessenen-welten-band-1-gebundene-ausgabe-aucha-216x300.webp 216w, https:\/\/www.sammlerecke.de\/comicecke\/wp-content\/uploads\/2025\/05\/die-vergessenen-welten-band-1-gebundene-ausgabe-aucha-768x1069.webp 768w, https:\/\/www.sammlerecke.de\/comicecke\/wp-content\/uploads\/2025\/05\/die-vergessenen-welten-band-1-gebundene-ausgabe-aucha-1104x1536.webp 1104w, https:\/\/www.sammlerecke.de\/comicecke\/wp-content\/uploads\/2025\/05\/die-vergessenen-welten-band-1-gebundene-ausgabe-aucha.webp 1437w\" sizes=\"auto, (max-width: 736px) 100vw, 736px\" \/><\/a><\/figure>\n<\/div>\n\n\n<p>DIE VERGESSENEN WELTEN 1 (17,95 Euro) ist ein Comic f\u00fcr Kinder: Amy interessiert sich f\u00fcr Naturkunde, um in die Fu\u00dfstapfen ihres Adoptivvaters zu treten und Arch\u00e4ologin zu werden. Mit viel Geduld gelingt es ihr sogar, ihn zu \u00fcberreden, sie auf seine neue Mission nach Honduras mitzunehmen. Endlich kann Amy London verlassen und sich ins Abenteuer st\u00fcrzen, statt immer nur \u00fcber die Reisen anderer zu lesen! Auf der Suche nach einem uralten Maya-Tempel taucht aber auch eine Schmugglerbande auf. Ein in cartoonig-mangaeskem Stil gehaltener Comic, der nicht nur Kids gut unterh\u00e4lt.<\/p>\n\n\n\n<p><\/p>\n","protected":false},"excerpt":{"rendered":"<p>F\u00fcr Fans phantastischer Geschichten, vor allem solcher mit Horror-Touch, gibt es ein paar interessante Ver\u00f6ffentlichungen. Von Cross Cult gibt es mit HAIRBALL (25 Euro) etwas f\u00fcr Katzenfreunde \u2013 oder auch -Hasser. Denn hier ist es eine schwarze Katze, von der ein junges M\u00e4dchen vermutet, dass sie hinter all ihren Problemen steckt: Familienplagen, \u00fcbernat\u00fcrliche Schrecken und [&hellip;]<\/p>\n","protected":false},"author":3,"featured_media":12349,"comment_status":"open","ping_status":"open","sticky":false,"template":"","format":"standard","meta":{"_exactmetrics_skip_tracking":false,"_exactmetrics_sitenote_active":false,"_exactmetrics_sitenote_note":"","_exactmetrics_sitenote_category":0,"ngg_post_thumbnail":0,"jetpack_post_was_ever_published":false,"_jetpack_newsletter_access":"","_jetpack_dont_email_post_to_subs":false,"_jetpack_newsletter_tier_id":0,"_jetpack_memberships_contains_paywalled_content":false,"_jetpack_memberships_contains_paid_content":false,"footnotes":"","jetpack_publicize_message":"","jetpack_publicize_feature_enabled":true,"jetpack_social_post_already_shared":true,"jetpack_social_options":{"image_generator_settings":{"template":"highway","default_image_id":0,"font":"","enabled":false},"version":2}},"categories":[1,2071],"tags":[3429,188,3110,3430,3427,265,2534,3432,3428,2816],"class_list":["post-12344","post","type-post","status-publish","format-standard","has-post-thumbnail","hentry","category-allgemein","category-horror","tag-ben-stenbeck","tag-cross-cult","tag-dantes","tag-die-vergessenen-welten","tag-hairball","tag-horror","tag-indonesien","tag-josefina","tag-katze","tag-skinless-crow"],"jetpack_publicize_connections":[],"jetpack_featured_media_url":"https:\/\/www.sammlerecke.de\/comicecke\/wp-content\/uploads\/2025\/05\/die-vergessenen-welten-band-1-gebundene-ausgabe-aucha.webp","jetpack_sharing_enabled":true,"jetpack_shortlink":"https:\/\/wp.me\/p8sdgG-3d6","jetpack-related-posts":[],"jetpack_likes_enabled":true,"_links":{"self":[{"href":"https:\/\/www.sammlerecke.de\/comicecke\/wp-json\/wp\/v2\/posts\/12344","targetHints":{"allow":["GET"]}}],"collection":[{"href":"https:\/\/www.sammlerecke.de\/comicecke\/wp-json\/wp\/v2\/posts"}],"about":[{"href":"https:\/\/www.sammlerecke.de\/comicecke\/wp-json\/wp\/v2\/types\/post"}],"author":[{"embeddable":true,"href":"https:\/\/www.sammlerecke.de\/comicecke\/wp-json\/wp\/v2\/users\/3"}],"replies":[{"embeddable":true,"href":"https:\/\/www.sammlerecke.de\/comicecke\/wp-json\/wp\/v2\/comments?post=12344"}],"version-history":[{"count":2,"href":"https:\/\/www.sammlerecke.de\/comicecke\/wp-json\/wp\/v2\/posts\/12344\/revisions"}],"predecessor-version":[{"id":12352,"href":"https:\/\/www.sammlerecke.de\/comicecke\/wp-json\/wp\/v2\/posts\/12344\/revisions\/12352"}],"wp:featuredmedia":[{"embeddable":true,"href":"https:\/\/www.sammlerecke.de\/comicecke\/wp-json\/wp\/v2\/media\/12349"}],"wp:attachment":[{"href":"https:\/\/www.sammlerecke.de\/comicecke\/wp-json\/wp\/v2\/media?parent=12344"}],"wp:term":[{"taxonomy":"category","embeddable":true,"href":"https:\/\/www.sammlerecke.de\/comicecke\/wp-json\/wp\/v2\/categories?post=12344"},{"taxonomy":"post_tag","embeddable":true,"href":"https:\/\/www.sammlerecke.de\/comicecke\/wp-json\/wp\/v2\/tags?post=12344"}],"curies":[{"name":"wp","href":"https:\/\/api.w.org\/{rel}","templated":true}]}}