{"id":12155,"date":"2025-02-24T16:31:55","date_gmt":"2025-02-24T15:31:55","guid":{"rendered":"https:\/\/www.sammlerecke.de\/comicecke\/?p=12155"},"modified":"2025-02-24T16:32:55","modified_gmt":"2025-02-24T15:32:55","slug":"largo-winch-der-preis-des-geldes","status":"publish","type":"post","link":"https:\/\/www.sammlerecke.de\/comicecke\/2025\/02\/24\/largo-winch-der-preis-des-geldes\/","title":{"rendered":"Largo Winch: Der Preis des Geldes"},"content":{"rendered":"\n<p>Am 20. Februar erschien LARGO WINCH: DER PREIS DES GELDES auf DVD und Blu-ray. Es ist der erste Film seit 13 Jahren. <\/p>\n\n\n<div class=\"wp-block-image\">\n<figure class=\"aligncenter size-full is-resized\"><a href=\"https:\/\/www.sammlerecke.de\/comicecke\/wp-content\/uploads\/2025\/02\/81lejAKWgDL._SL1500_.jpg\"><img loading=\"lazy\" decoding=\"async\" width=\"1192\" height=\"1500\" src=\"https:\/\/www.sammlerecke.de\/comicecke\/wp-content\/uploads\/2025\/02\/81lejAKWgDL._SL1500_.jpg\" alt=\"\" class=\"wp-image-12160\" style=\"width:308px;height:auto\" srcset=\"https:\/\/www.sammlerecke.de\/comicecke\/wp-content\/uploads\/2025\/02\/81lejAKWgDL._SL1500_.jpg 1192w, https:\/\/www.sammlerecke.de\/comicecke\/wp-content\/uploads\/2025\/02\/81lejAKWgDL._SL1500_-238x300.jpg 238w, https:\/\/www.sammlerecke.de\/comicecke\/wp-content\/uploads\/2025\/02\/81lejAKWgDL._SL1500_-814x1024.jpg 814w, https:\/\/www.sammlerecke.de\/comicecke\/wp-content\/uploads\/2025\/02\/81lejAKWgDL._SL1500_-768x966.jpg 768w\" sizes=\"auto, (max-width: 1192px) 100vw, 1192px\" \/><\/a><\/figure>\n<\/div>\n\n\n<p>Nach der brutalen Entf\u00fchrung seines 15-j\u00e4hrigen Sohnes Noom erkennt der Milliard\u00e4r Largo Winch, dass er und sein Firmenimperium das Ziel einer vernichtenden Intrige geworden sind. Die Suche nach Noom f\u00fchrt Largo auf eine abenteuerliche Reise rund um den Globus: von den kanadischen W\u00e4ldern \u00fcber die Minen Burmas bis nach Bangkok. <\/p>\n\n\n<div class=\"wp-block-image\">\n<figure class=\"aligncenter size-full\"><a href=\"https:\/\/www.sammlerecke.de\/comicecke\/wp-content\/uploads\/2025\/02\/816Bp2nImZL._SX522_.jpg\"><img loading=\"lazy\" decoding=\"async\" width=\"522\" height=\"313\" src=\"https:\/\/www.sammlerecke.de\/comicecke\/wp-content\/uploads\/2025\/02\/816Bp2nImZL._SX522_.jpg\" alt=\"\" class=\"wp-image-12158\" srcset=\"https:\/\/www.sammlerecke.de\/comicecke\/wp-content\/uploads\/2025\/02\/816Bp2nImZL._SX522_.jpg 522w, https:\/\/www.sammlerecke.de\/comicecke\/wp-content\/uploads\/2025\/02\/816Bp2nImZL._SX522_-300x180.jpg 300w\" sizes=\"auto, (max-width: 522px) 100vw, 522px\" \/><\/a><\/figure>\n<\/div>\n\n\n<p>Der zweite Teil erschien 2011, auf einen dritten h\u00e4tte man kaum noch zu hoffen gewagt. Umso sch\u00f6ner, dass Tomer Sisley erneut die Hauptrolle spielt. Die Story ist nicht \u00fcberragrend, die Action gut, wenn es sie denn gibt (es h\u00e4tte ruhig etwas mehr sein k\u00f6nnen), die Locations sind sch\u00f6n und James Franco \u00fcberzieht total. Aber auch das ist launig.<\/p>\n\n\n<div class=\"wp-block-image\">\n<figure class=\"aligncenter size-full\"><a href=\"https:\/\/www.sammlerecke.de\/comicecke\/wp-content\/uploads\/2025\/02\/AllesGute20230201largowinch_doppelband_7_hcJPG_600x600@2x.jpg\"><img loading=\"lazy\" decoding=\"async\" width=\"500\" height=\"667\" src=\"https:\/\/www.sammlerecke.de\/comicecke\/wp-content\/uploads\/2025\/02\/AllesGute20230201largowinch_doppelband_7_hcJPG_600x600@2x.jpg\" alt=\"\" class=\"wp-image-12156\" srcset=\"https:\/\/www.sammlerecke.de\/comicecke\/wp-content\/uploads\/2025\/02\/AllesGute20230201largowinch_doppelband_7_hcJPG_600x600@2x.jpg 500w, https:\/\/www.sammlerecke.de\/comicecke\/wp-content\/uploads\/2025\/02\/AllesGute20230201largowinch_doppelband_7_hcJPG_600x600@2x-225x300.jpg 225w\" sizes=\"auto, (max-width: 500px) 100vw, 500px\" \/><\/a><\/figure>\n<\/div>\n\n\n<p>Fans des Comics wird freuen, dass zwei Alben f\u00fcr die Geschichte Pate standen: <a href=\"https:\/\/www.sammlerecke.de\/neuheiten-shop\/comics\/comic-verlage-a-z\/alles-gute-verlag\/largo-winch\/276740\/largo-winch-doppelband-13-14\">&#8222;Der Preis des Geldes&#8220; und &#8222;Im Namen des Dollar&#8220;<\/a>, die als 13. und 14. Album erschienen sind. <\/p>\n","protected":false},"excerpt":{"rendered":"<p>Am 20. Februar erschien LARGO WINCH: DER PREIS DES GELDES auf DVD und Blu-ray. Es ist der erste Film seit 13 Jahren. Nach der brutalen Entf\u00fchrung seines 15-j\u00e4hrigen Sohnes Noom erkennt der Milliard\u00e4r Largo Winch, dass er und sein Firmenimperium das Ziel einer vernichtenden Intrige geworden sind. Die Suche nach Noom f\u00fchrt Largo auf eine [&hellip;]<\/p>\n","protected":false},"author":3,"featured_media":12160,"comment_status":"open","ping_status":"open","sticky":false,"template":"","format":"standard","meta":{"_exactmetrics_skip_tracking":false,"_exactmetrics_sitenote_active":false,"_exactmetrics_sitenote_note":"","_exactmetrics_sitenote_category":0,"ngg_post_thumbnail":0,"jetpack_post_was_ever_published":false,"_jetpack_newsletter_access":"","_jetpack_dont_email_post_to_subs":false,"_jetpack_newsletter_tier_id":0,"_jetpack_memberships_contains_paywalled_content":false,"_jetpack_memberships_contains_paid_content":false,"footnotes":"","jetpack_publicize_message":"","jetpack_publicize_feature_enabled":true,"jetpack_social_post_already_shared":true,"jetpack_social_options":{"image_generator_settings":{"template":"highway","default_image_id":0,"font":"","enabled":false},"version":2}},"categories":[1,2038],"tags":[2379,582,3354,461,3351,3353,1070],"class_list":["post-12155","post","type-post","status-publish","format-standard","has-post-thumbnail","hentry","category-allgemein","category-film","tag-album","tag-film","tag-james-franco","tag-largo-winch","tag-preis-des-geldes","tag-tomer-sisley","tag-verfilmung"],"jetpack_publicize_connections":[],"jetpack_featured_media_url":"https:\/\/www.sammlerecke.de\/comicecke\/wp-content\/uploads\/2025\/02\/81lejAKWgDL._SL1500_.jpg","jetpack_sharing_enabled":true,"jetpack_shortlink":"https:\/\/wp.me\/p8sdgG-3a3","jetpack-related-posts":[],"jetpack_likes_enabled":true,"_links":{"self":[{"href":"https:\/\/www.sammlerecke.de\/comicecke\/wp-json\/wp\/v2\/posts\/12155","targetHints":{"allow":["GET"]}}],"collection":[{"href":"https:\/\/www.sammlerecke.de\/comicecke\/wp-json\/wp\/v2\/posts"}],"about":[{"href":"https:\/\/www.sammlerecke.de\/comicecke\/wp-json\/wp\/v2\/types\/post"}],"author":[{"embeddable":true,"href":"https:\/\/www.sammlerecke.de\/comicecke\/wp-json\/wp\/v2\/users\/3"}],"replies":[{"embeddable":true,"href":"https:\/\/www.sammlerecke.de\/comicecke\/wp-json\/wp\/v2\/comments?post=12155"}],"version-history":[{"count":2,"href":"https:\/\/www.sammlerecke.de\/comicecke\/wp-json\/wp\/v2\/posts\/12155\/revisions"}],"predecessor-version":[{"id":12161,"href":"https:\/\/www.sammlerecke.de\/comicecke\/wp-json\/wp\/v2\/posts\/12155\/revisions\/12161"}],"wp:featuredmedia":[{"embeddable":true,"href":"https:\/\/www.sammlerecke.de\/comicecke\/wp-json\/wp\/v2\/media\/12160"}],"wp:attachment":[{"href":"https:\/\/www.sammlerecke.de\/comicecke\/wp-json\/wp\/v2\/media?parent=12155"}],"wp:term":[{"taxonomy":"category","embeddable":true,"href":"https:\/\/www.sammlerecke.de\/comicecke\/wp-json\/wp\/v2\/categories?post=12155"},{"taxonomy":"post_tag","embeddable":true,"href":"https:\/\/www.sammlerecke.de\/comicecke\/wp-json\/wp\/v2\/tags?post=12155"}],"curies":[{"name":"wp","href":"https:\/\/api.w.org\/{rel}","templated":true}]}}