{"id":11956,"date":"2024-12-02T10:30:00","date_gmt":"2024-12-02T09:30:00","guid":{"rendered":"https:\/\/www.sammlerecke.de\/comicecke\/?p=11956"},"modified":"2024-11-26T10:33:30","modified_gmt":"2024-11-26T09:33:30","slug":"dracula-im-comic-1-die-anfaenge","status":"publish","type":"post","link":"https:\/\/www.sammlerecke.de\/comicecke\/2024\/12\/02\/dracula-im-comic-1-die-anfaenge\/","title":{"rendered":"Dracula im Comic (1): Die Anf\u00e4nge"},"content":{"rendered":"\n<p>Vor mehr als 120 Jahren schrieb der irische Bram Stoker das Werk, das ihn unsterblich machen sollte \u2013 und von einem Unsterblichen erz\u00e4hlte: <em>Dracula<\/em>. Der Roman, der mehrheitlich in Tagebucheintr\u00e4gen erz\u00e4hlt ist, wurde im Lauf der Jahre zum immensen Erfolg. Hollywood entdeckte den F\u00fcrsten der Finsternis recht schnell, wenn auch der Deutsche Friedrich Willhelm Murnau ihnen 1922 mit <em>Nosferatu<\/em> zuvorkam. Es war eine nicht autorisierte Adaption. Weitere sollten im Lauf der Jahre kommen. Das machte Dracula zu einer der am meisten adaptierten Figuren der Literaturgeschichte, da abseits von Hollywood auch Schriftsteller viel mit der Figur anzufangen wussten.<\/p>\n\n\n<div class=\"wp-block-image\">\n<figure class=\"aligncenter size-full\"><a href=\"https:\/\/www.sammlerecke.de\/comicecke\/wp-content\/uploads\/2024\/11\/A1177000dracula_william_gb_9JPG.jpg\"><img loading=\"lazy\" decoding=\"async\" width=\"500\" height=\"699\" src=\"https:\/\/www.sammlerecke.de\/comicecke\/wp-content\/uploads\/2024\/11\/A1177000dracula_william_gb_9JPG.jpg\" alt=\"\" class=\"wp-image-11957\" srcset=\"https:\/\/www.sammlerecke.de\/comicecke\/wp-content\/uploads\/2024\/11\/A1177000dracula_william_gb_9JPG.jpg 500w, https:\/\/www.sammlerecke.de\/comicecke\/wp-content\/uploads\/2024\/11\/A1177000dracula_william_gb_9JPG-215x300.jpg 215w\" sizes=\"auto, (max-width: 500px) 100vw, 500px\" \/><\/a><\/figure>\n<\/div>\n\n\n<p>Auch in der Welt der Comics hielt der Vampirf\u00fcrst Einzug, h\u00e4ufig in abgewandelter Form und nur das von Stokers Vorlage nehmend, was gerade opportun war. Bisweilen machten sich Autoren und Zeichner aber auch daran, den Roman selbst zu adaptieren. Mit Bram Stokers Roman haben sich im Lauf der Jahre viele K\u00fcnstler befasst.<\/p>\n\n\n\n<p>Noch bevor Dr. Frederick Wertham mit seinem Buch <em>Seduction of the Innocent<\/em> den Comics den Stempel des Verruchten aufdr\u00fcckte, hatte man sich bei <em>Classics Illustrated<\/em> der Geschichte Draculas angenommen. Hierzulande erschien dieser Comic nie, in den USA schlug er keine Wellen. Das mag auch an der einigerma\u00dfen an\u00e4mischen Umsetzung gelegen haben, die Marvel aber Jahre sp\u00e4ter nicht davon abhielt, den Comic mit neuem Cover neu aufzulegen \u2013 um angesichts des Erfolgs der eigenen Horror-Serie <em>Die Gruft von Dracula<\/em> mit einem weiteren Produkt auf die Schnelle zur Kasse bitten zu k\u00f6nnen. In der Serie nahmen Autor Marv Wolfman und Zeichner Gene Colan Stokers Roman nur als Ausgang, eine Adaption gab es nicht.<\/p>\n\n\n\n<p>Wohl aber begannen Roy Thomas und Dick Giordano in Kapitel-H\u00e4ppchen f\u00fcr <em>Dracula Lives<\/em>, ein Schwarzwei\u00df-Magazin aus dem Hause Marvel, das auf das Siegel des Comics Code verzichten und darum freier erz\u00e4hlen konnte. In Schwarzwei\u00df sehen Giordanos Seiten pr\u00e4chtig aus. Die Adaption ist nahe am Original und l\u00e4sst sich bei der Erz\u00e4hlweise Zeit. In gewisser Weise ein Fehler, denn <em><a href=\"https:\/\/www.sammlerecke.de\/bestands-shop\/us-comics\/d\/dr\/dracula-lives-magazine\/marvel\/275780\/dracula-lives-magazine-1-13\">Dracula Lives<\/a><\/em> wurde eingestellt, bevor die Geschichte beendet war. Ein Kapitel, das f\u00fcr das Magazin gefertigt worden war, erschien noch in dem Magazin <em>Legion of Monsters<\/em>, aber auch dort kam die Geschichte nicht zu ihrem verdienten Ende \u2013 und das fast 30 Jahre lang.<\/p>\n\n\n<div class=\"wp-block-image\">\n<figure class=\"aligncenter size-full\"><a href=\"https:\/\/www.sammlerecke.de\/comicecke\/wp-content\/uploads\/2024\/11\/A7303000us_dracula_lives_1JPG.jpg\"><img loading=\"lazy\" decoding=\"async\" width=\"500\" height=\"665\" src=\"https:\/\/www.sammlerecke.de\/comicecke\/wp-content\/uploads\/2024\/11\/A7303000us_dracula_lives_1JPG.jpg\" alt=\"\" class=\"wp-image-11958\" srcset=\"https:\/\/www.sammlerecke.de\/comicecke\/wp-content\/uploads\/2024\/11\/A7303000us_dracula_lives_1JPG.jpg 500w, https:\/\/www.sammlerecke.de\/comicecke\/wp-content\/uploads\/2024\/11\/A7303000us_dracula_lives_1JPG-226x300.jpg 226w\" sizes=\"auto, (max-width: 500px) 100vw, 500px\" \/><\/a><\/figure>\n<\/div>\n\n\n<p>Vertigo wollte in den 1990er Jahren die Rechte an den vorhandenen Kapiteln von Marvel erwerben und Thomas und Giordano die Adaption abschlie\u00dfen lassen. Doch daraus wurde nichts. Erst, als Marvel merkte, dass man mit Reprints von <a href=\"https:\/\/www.sammlerecke.de\/bestands-shop\/comics-deutsch\/d\/dr\/dracula\/152753\/dracula-williams-gb.-nr.-1-33\"><em>Die Gruft von Dracula<\/em> <\/a>gut verdiente, beschloss man, Thomas und Giordano die Gelegenheit zu geben, die Geschichte zu beenden.<\/p>\n\n\n\n<p><em>Stoker\u2019s Dracula<\/em> war der Titel der Miniserie und sp\u00e4teren Graphic Novel, die nun darunter leidet, dass Giordanos Stil sich in all den Jahren weiterentwickelt hatte. Man kann den Unterschied erkennen, problematischer ist jedoch, dass Marvel eine Seitenvorgabe machte. Das Ergebnis: In den ersten 100 Seiten ist der Erz\u00e4hlfluss getragen und l\u00e4sst der Geschichte Raum zum Atmen, in den weiteren 100 Seiten f\u00fchlt sich alles etwas gehetzt an. Die urspr\u00fcnglich schwarzwei\u00df gehaltene Geschichte wurde sp\u00e4ter auch koloriert erneut ver\u00f6ffentlicht, verliert so aber allen Charme.<\/p>\n","protected":false},"excerpt":{"rendered":"<p>Vor mehr als 120 Jahren schrieb der irische Bram Stoker das Werk, das ihn unsterblich machen sollte \u2013 und von einem Unsterblichen erz\u00e4hlte: Dracula. Der Roman, der mehrheitlich in Tagebucheintr\u00e4gen erz\u00e4hlt ist, wurde im Lauf der Jahre zum immensen Erfolg. Hollywood entdeckte den F\u00fcrsten der Finsternis recht schnell, wenn auch der Deutsche Friedrich Willhelm Murnau [&hellip;]<\/p>\n","protected":false},"author":3,"featured_media":11957,"comment_status":"open","ping_status":"open","sticky":false,"template":"","format":"standard","meta":{"_exactmetrics_skip_tracking":false,"_exactmetrics_sitenote_active":false,"_exactmetrics_sitenote_note":"","_exactmetrics_sitenote_category":0,"ngg_post_thumbnail":0,"jetpack_post_was_ever_published":false,"_jetpack_newsletter_access":"","_jetpack_dont_email_post_to_subs":false,"_jetpack_newsletter_tier_id":0,"_jetpack_memberships_contains_paywalled_content":false,"_jetpack_memberships_contains_paid_content":false,"footnotes":"","jetpack_publicize_message":"","jetpack_publicize_feature_enabled":true,"jetpack_social_post_already_shared":true,"jetpack_social_options":{"image_generator_settings":{"template":"highway","default_image_id":0,"font":"","enabled":false},"version":2}},"categories":[1,2071,35],"tags":[1208,587,3269,366,1304],"class_list":["post-11956","post","type-post","status-publish","format-standard","has-post-thumbnail","hentry","category-allgemein","category-horror","category-marvel","tag-bram-stoker","tag-dracula","tag-dracula-lives","tag-marvel","tag-panini"],"jetpack_publicize_connections":[],"jetpack_featured_media_url":"https:\/\/www.sammlerecke.de\/comicecke\/wp-content\/uploads\/2024\/11\/A1177000dracula_william_gb_9JPG.jpg","jetpack_sharing_enabled":true,"jetpack_shortlink":"https:\/\/wp.me\/p8sdgG-36Q","jetpack-related-posts":[],"jetpack_likes_enabled":true,"_links":{"self":[{"href":"https:\/\/www.sammlerecke.de\/comicecke\/wp-json\/wp\/v2\/posts\/11956","targetHints":{"allow":["GET"]}}],"collection":[{"href":"https:\/\/www.sammlerecke.de\/comicecke\/wp-json\/wp\/v2\/posts"}],"about":[{"href":"https:\/\/www.sammlerecke.de\/comicecke\/wp-json\/wp\/v2\/types\/post"}],"author":[{"embeddable":true,"href":"https:\/\/www.sammlerecke.de\/comicecke\/wp-json\/wp\/v2\/users\/3"}],"replies":[{"embeddable":true,"href":"https:\/\/www.sammlerecke.de\/comicecke\/wp-json\/wp\/v2\/comments?post=11956"}],"version-history":[{"count":1,"href":"https:\/\/www.sammlerecke.de\/comicecke\/wp-json\/wp\/v2\/posts\/11956\/revisions"}],"predecessor-version":[{"id":11959,"href":"https:\/\/www.sammlerecke.de\/comicecke\/wp-json\/wp\/v2\/posts\/11956\/revisions\/11959"}],"wp:featuredmedia":[{"embeddable":true,"href":"https:\/\/www.sammlerecke.de\/comicecke\/wp-json\/wp\/v2\/media\/11957"}],"wp:attachment":[{"href":"https:\/\/www.sammlerecke.de\/comicecke\/wp-json\/wp\/v2\/media?parent=11956"}],"wp:term":[{"taxonomy":"category","embeddable":true,"href":"https:\/\/www.sammlerecke.de\/comicecke\/wp-json\/wp\/v2\/categories?post=11956"},{"taxonomy":"post_tag","embeddable":true,"href":"https:\/\/www.sammlerecke.de\/comicecke\/wp-json\/wp\/v2\/tags?post=11956"}],"curies":[{"name":"wp","href":"https:\/\/api.w.org\/{rel}","templated":true}]}}