{"id":11724,"date":"2024-08-26T13:58:40","date_gmt":"2024-08-26T11:58:40","guid":{"rendered":"https:\/\/www.sammlerecke.de\/comicecke\/?p=11724"},"modified":"2024-08-22T14:09:27","modified_gmt":"2024-08-22T12:09:27","slug":"fantasy-sci-fi-horror-und-winterliche-oper","status":"publish","type":"post","link":"https:\/\/www.sammlerecke.de\/comicecke\/2024\/08\/26\/fantasy-sci-fi-horror-und-winterliche-oper\/","title":{"rendered":"Fantasy, Sci-Fi-Horror und winterliche Oper"},"content":{"rendered":"\n<p>Ein Neustart, drei Fortsetzungen und eine Neuauflage wissen zu begeistern. <\/p>\n\n\n<div class=\"wp-block-image\">\n<figure class=\"aligncenter size-full is-resized\"><a href=\"https:\/\/www.sammlerecke.de\/comicecke\/wp-content\/uploads\/2024\/08\/Splitter20240711reichohnenamen_1_hcJPG.jpg\"><img loading=\"lazy\" decoding=\"async\" width=\"500\" height=\"696\" src=\"https:\/\/www.sammlerecke.de\/comicecke\/wp-content\/uploads\/2024\/08\/Splitter20240711reichohnenamen_1_hcJPG.jpg\" alt=\"\" class=\"wp-image-11725\" style=\"width:376px;height:auto\" srcset=\"https:\/\/www.sammlerecke.de\/comicecke\/wp-content\/uploads\/2024\/08\/Splitter20240711reichohnenamen_1_hcJPG.jpg 500w, https:\/\/www.sammlerecke.de\/comicecke\/wp-content\/uploads\/2024\/08\/Splitter20240711reichohnenamen_1_hcJPG-216x300.jpg 216w\" sizes=\"auto, (max-width: 500px) 100vw, 500px\" \/><\/a><\/figure>\n<\/div>\n\n\n<p>Splitter hat mit <a href=\"https:\/\/www.sammlerecke.de\/neuheiten-shop\/comics\/comic-verlage-a-z\/splitter\/alben\/reich-ohne-namen\/295980\/das-reich-ohne-namen-01?number=Splitter2024-07-11\">DAS REICH OHNE NAMEN <\/a>1 (18 Euro) wird von sprechenden Tieren bewohnt, doch der erste Eindruck t\u00e4uscht: In seinem Zeichenstil in der Tradition von Disney ist dies aber kein Kinderm\u00e4rchen! Gekonnt erschafft Autor Herik Hanna eine Trag\u00f6die in drei Akten, die von unerwarteten Wendungen, bissigem Humor und feingeschliffenen Dialogen getragen wird \u2013 eine Hommage an Shakespeare in Form einer fabelhaften Comic-Trilogie. <\/p>\n\n\n<div class=\"wp-block-image\">\n<figure class=\"aligncenter size-full is-resized\"><a href=\"https:\/\/www.sammlerecke.de\/comicecke\/wp-content\/uploads\/2024\/08\/Splitter20240705winterinderoper_hcJPG.jpg\"><img loading=\"lazy\" decoding=\"async\" width=\"500\" height=\"691\" src=\"https:\/\/www.sammlerecke.de\/comicecke\/wp-content\/uploads\/2024\/08\/Splitter20240705winterinderoper_hcJPG.jpg\" alt=\"\" class=\"wp-image-11726\" style=\"width:362px;height:auto\" srcset=\"https:\/\/www.sammlerecke.de\/comicecke\/wp-content\/uploads\/2024\/08\/Splitter20240705winterinderoper_hcJPG.jpg 500w, https:\/\/www.sammlerecke.de\/comicecke\/wp-content\/uploads\/2024\/08\/Splitter20240705winterinderoper_hcJPG-217x300.jpg 217w\" sizes=\"auto, (max-width: 500px) 100vw, 500px\" \/><\/a><\/figure>\n<\/div>\n\n\n<p><a href=\"https:\/\/www.sammlerecke.de\/neuheiten-shop\/comics\/comic-verlage-a-z\/splitter\/alben\/a-z-einzelbaende\/295974\/winter-in-der-oper?number=Splitter2024-07-05\">WINTER IN DER OPER <\/a>(19,80 Euro) ist die Fortsetzung von <a href=\"https:\/\/www.sammlerecke.de\/neuheiten-shop\/comics\/comic-verlage-a-z\/splitter\/alben\/a-z-einzelbaende\/281645\/herbst-an-der-bucht-der-somme?number=Splitter2023-05-12\">HERBST AN DER BUCHT DER SOMME<\/a>. Im Mittelpunkt steht der in Ungnade gefallene Polizist Broyan, der seinen Job verloren hat, in der Pariser Oper aber ermittelt, als eine Leiche gefunden wird. Traumhaft sch\u00f6n gezeichnet, ist dies eine mitrei\u00dfende Geschichte \u00fcber Serienmorde, Geheimgesellschaften und politische Verschw\u00f6rungen. Cross Cult setzt die erfolgreiche Sci-Fi-Serie SAGA (22 Euro) mit dem elften Band fort. Es ist zwar m\u00f6glich, hier einzusteigen, weil f\u00fcr die Protagonisten Hazel und Alana ein neues Leben beginnt, diese extrem phantasievolle und k\u00fchne Serie sollte man jedoch von vorne lesen. <\/p>\n\n\n<div class=\"wp-block-image\">\n<figure class=\"aligncenter size-full is-resized\"><a href=\"https:\/\/www.sammlerecke.de\/comicecke\/wp-content\/uploads\/2024\/08\/Crosscult20240803yearzero_0_hcJPG.jpg\"><img loading=\"lazy\" decoding=\"async\" width=\"500\" height=\"742\" src=\"https:\/\/www.sammlerecke.de\/comicecke\/wp-content\/uploads\/2024\/08\/Crosscult20240803yearzero_0_hcJPG.jpg\" alt=\"\" class=\"wp-image-11727\" style=\"width:418px;height:auto\" srcset=\"https:\/\/www.sammlerecke.de\/comicecke\/wp-content\/uploads\/2024\/08\/Crosscult20240803yearzero_0_hcJPG.jpg 500w, https:\/\/www.sammlerecke.de\/comicecke\/wp-content\/uploads\/2024\/08\/Crosscult20240803yearzero_0_hcJPG-202x300.jpg 202w\" sizes=\"auto, (max-width: 500px) 100vw, 500px\" \/><\/a><\/figure>\n<\/div>\n\n\n<p><a href=\"https:\/\/www.sammlerecke.de\/neuheiten-shop\/comics\/comic-verlage-a-z\/cross-cult\/year-zero\/296827\/year-zero-00?number=Crosscult2024-08-03\">YEAR ZERO Band 0<\/a> (22 Euro) ist das Prequel zum Zombie-Erfolg, das vier Geschichten aus den ersten Tagen der Apokalypse zu erz\u00e4hlen hat, von einem Polizisten, der \u00fcber den Schwarzmarkt patrouilliert, einem nordkoreanischen Soldaten, der die entmilitarisierte Zone beobachtet, einer Krankenschwester, die sich einigen Bedrohungen gegen\u00fcbersieht und einer Stewardess, die sich wegen eines Passagiers Sorgen macht. An <a href=\"https:\/\/www.sammlerecke.de\/neuheiten-shop\/comics\/comic-verlage-a-z\/cross-cult\/walking-dead\/291030\/the-walking-dead-32-sc\">THE WALKING DEAD<\/a> mag das nicht ganz heranreichen, <a href=\"https:\/\/www.sammlerecke.de\/bestands-shop\/comics-deutsch\/y\/ye\/year-zero\/263265\/year-zero-crosscult-b.-nr.-0-2\">YEAR ZERO<\/a> ist aber nahe dran. <a href=\"https:\/\/www.sammlerecke.de\/neuheiten-shop\/comics\/comic-verlage-a-z\/cross-cult\/a-z-einzelbaende\/296819\/kreidestriche?number=Crosscult2024-05-04\">KREIDESTRICHE <\/a>(22 Euro) ist ein Comic von Miguelanxo Prado, der hier in Neuauflage vorliegt \u2013 mit neuem und bisher unver\u00f6ffentlichtem Material. Der Klassiker des spanischen Comics wurde mit einer Vielzahl von Preisen ausgezeichnet.<\/p>\n","protected":false},"excerpt":{"rendered":"<p>Ein Neustart, drei Fortsetzungen und eine Neuauflage wissen zu begeistern. Splitter hat mit DAS REICH OHNE NAMEN 1 (18 Euro) wird von sprechenden Tieren bewohnt, doch der erste Eindruck t\u00e4uscht: In seinem Zeichenstil in der Tradition von Disney ist dies aber kein Kinderm\u00e4rchen! Gekonnt erschafft Autor Herik Hanna eine Trag\u00f6die in drei Akten, die von [&hellip;]<\/p>\n","protected":false},"author":3,"featured_media":11727,"comment_status":"open","ping_status":"open","sticky":false,"template":"","format":"standard","meta":{"_exactmetrics_skip_tracking":false,"_exactmetrics_sitenote_active":false,"_exactmetrics_sitenote_note":"","_exactmetrics_sitenote_category":0,"ngg_post_thumbnail":0,"jetpack_post_was_ever_published":false,"_jetpack_newsletter_access":"","_jetpack_dont_email_post_to_subs":false,"_jetpack_newsletter_tier_id":0,"_jetpack_memberships_contains_paywalled_content":false,"_jetpack_memberships_contains_paid_content":false,"footnotes":"","jetpack_publicize_message":"","jetpack_publicize_feature_enabled":true,"jetpack_social_post_already_shared":true,"jetpack_social_options":{"image_generator_settings":{"template":"highway","default_image_id":0,"font":"","enabled":false},"version":2}},"categories":[1,2022,2071,34],"tags":[188,1598,689,111,2373,87],"class_list":["post-11724","post","type-post","status-publish","format-standard","has-post-thumbnail","hentry","category-allgemein","category-fantasy","category-horror","category-scifi","tag-cross-cult","tag-krimi","tag-prado","tag-saga","tag-sci-fi","tag-splitter"],"jetpack_publicize_connections":[],"jetpack_featured_media_url":"https:\/\/www.sammlerecke.de\/comicecke\/wp-content\/uploads\/2024\/08\/Crosscult20240803yearzero_0_hcJPG.jpg","jetpack_sharing_enabled":true,"jetpack_shortlink":"https:\/\/wp.me\/p8sdgG-336","jetpack-related-posts":[],"jetpack_likes_enabled":true,"_links":{"self":[{"href":"https:\/\/www.sammlerecke.de\/comicecke\/wp-json\/wp\/v2\/posts\/11724","targetHints":{"allow":["GET"]}}],"collection":[{"href":"https:\/\/www.sammlerecke.de\/comicecke\/wp-json\/wp\/v2\/posts"}],"about":[{"href":"https:\/\/www.sammlerecke.de\/comicecke\/wp-json\/wp\/v2\/types\/post"}],"author":[{"embeddable":true,"href":"https:\/\/www.sammlerecke.de\/comicecke\/wp-json\/wp\/v2\/users\/3"}],"replies":[{"embeddable":true,"href":"https:\/\/www.sammlerecke.de\/comicecke\/wp-json\/wp\/v2\/comments?post=11724"}],"version-history":[{"count":1,"href":"https:\/\/www.sammlerecke.de\/comicecke\/wp-json\/wp\/v2\/posts\/11724\/revisions"}],"predecessor-version":[{"id":11728,"href":"https:\/\/www.sammlerecke.de\/comicecke\/wp-json\/wp\/v2\/posts\/11724\/revisions\/11728"}],"wp:featuredmedia":[{"embeddable":true,"href":"https:\/\/www.sammlerecke.de\/comicecke\/wp-json\/wp\/v2\/media\/11727"}],"wp:attachment":[{"href":"https:\/\/www.sammlerecke.de\/comicecke\/wp-json\/wp\/v2\/media?parent=11724"}],"wp:term":[{"taxonomy":"category","embeddable":true,"href":"https:\/\/www.sammlerecke.de\/comicecke\/wp-json\/wp\/v2\/categories?post=11724"},{"taxonomy":"post_tag","embeddable":true,"href":"https:\/\/www.sammlerecke.de\/comicecke\/wp-json\/wp\/v2\/tags?post=11724"}],"curies":[{"name":"wp","href":"https:\/\/api.w.org\/{rel}","templated":true}]}}